{"id":5115,"date":"2022-05-11T05:00:21","date_gmt":"2022-05-11T10:00:21","guid":{"rendered":"https:\/\/politicosaldesnudo.com.mx\/?p=5115"},"modified":"2022-05-11T07:00:37","modified_gmt":"2022-05-11T12:00:37","slug":"la-corte-entra-en-sucesion-yasmin-esquivel-para-presidenta","status":"publish","type":"post","link":"https:\/\/politicosaldesnudo.com.mx\/index.php\/2022\/05\/11\/la-corte-entra-en-sucesion-yasmin-esquivel-para-presidenta\/","title":{"rendered":"La Corte entra en sucesi\u00f3n: Yasm\u00edn Esquivel para presidenta"},"content":{"rendered":"<p>&nbsp;<\/p>\n<p><strong><span style=\"font-size: 18pt;\">Por Jos\u00e9 Ure\u00f1a<\/span><\/strong><\/p>\n<p>&nbsp;<\/p>\n<p class=\"p1\"><span style=\"font-size: 14pt;\">Hay impulsos y fuerzas naturales.<\/span><\/p>\n<p class=\"p1\"><span style=\"font-size: 14pt;\">Las primeras han empezado a sumar apoyos a favor de la ministra Yasm\u00edn Esquivel Mossa para suceder a Arturo Zald\u00edvar.<\/span><\/p>\n<p class=\"p1\"><span style=\"font-size: 14pt;\">Las segundas son espont\u00e1neas.<\/span><\/p>\n<p class=\"p1\"><span style=\"font-size: 14pt;\">Y aunque hay varios interesados en presidir el Consejo de la Judicatura y la SCJN, ella lleva cierta delantera.<\/span><\/p>\n<p class=\"p1\"><span style=\"font-size: 14pt;\">Uno de sus principales impulsores es Zald\u00edvar, quien perdi\u00f3 con voto propio y de todos sus pares la oportunidad de prolongar dos a\u00f1os su mandato.<\/span><\/p>\n<p class=\"p1\"><span style=\"font-size: 14pt;\">Globo de sonda encubierto, descifran los analistas, lanzado desde Palacio Nacional para hacer lo mismo con el titular del Poder Ejecutivo.<\/span><\/p>\n<p class=\"p1\"><span style=\"font-size: 14pt;\">Si hubiera prosperado, en lugar de terminar en 2022, Zald\u00edvar continuar\u00eda hasta diciembre de 2024 y la primera sesi\u00f3n de 2025 ser\u00eda para buscarle relevo.<\/span><\/p>\n<p class=\"p1\"><span style=\"font-size: 14pt;\">No lo logr\u00f3 y, ante la pol\u00e9mica nacional, el Presidente debi\u00f3 salir a ratificar su compromiso jurado y firmado de no buscar reelecci\u00f3n ni ampliaci\u00f3n de mandato.<\/span><\/p>\n<p>&nbsp;<\/p>\n<p class=\"p1\"><span style=\"font-size: 18pt;\"><strong>A DOS VOTOS<\/strong><\/span><\/p>\n<p class=\"p1\"><span style=\"font-size: 14pt;\">La fiebre sucesoria sube de temperatura.<\/span><\/p>\n<p class=\"p1\"><span style=\"font-size: 14pt;\">No fue igual en enero de 2019 porque los operadores del Gobierno -Julio Scherer, Olga S\u00e1nchez Cordero, Alfonso Durazo y gran parte del gabinete- actuaron con cierta discreci\u00f3n.<\/span><\/p>\n<p class=\"p1\"><span style=\"font-size: 14pt;\">La b\u00fasqueda de apoyos a Arturo Zald\u00edvar comenz\u00f3 desde octubre de 2018, antes de la toma de posesi\u00f3n presidencial, y culmin\u00f3 con \u00e9xito.<\/span><\/p>\n<p class=\"p1\"><span style=\"font-size: 14pt;\">Hab\u00eda reservas hacia Zald\u00edvar no por aversi\u00f3n hacia \u00e9l, sino para evitar el sometimiento del Poder Judicial al Poder Ejecutivo.<\/span><\/p>\n<p class=\"p1\"><span style=\"font-size: 14pt;\">Cuando los opositores a esa sujeci\u00f3n se enteraron, la tendencia estaba consumada y de nada sirvi\u00f3 la consigna liderada por el presidente saliente Luis Mar\u00eda Aguilar:<\/span><\/p>\n<p class=\"p1\"><span style=\"font-size: 14pt;\">-Cualquiera menos Zald\u00edvar.<\/span><\/p>\n<p class=\"p1\"><span style=\"font-size: 14pt;\">Hoy los m\u00e1s abiertos en la contienda son la propia Yasm\u00edn Esquivel y Javier Laynez Potisek.<\/span><\/p>\n<p class=\"p1\"><span style=\"font-size: 14pt;\">Se especula sobre posiciones, pero hay tres ministros cercanos a ella: Zald\u00edvar como operador, Loretta Ortiz -con l\u00ednea directa a Palacio- y Juan Luis Gonz\u00e1lez Alc\u00e1ntara.<\/span><\/p>\n<p class=\"p1\"><span style=\"font-size: 14pt;\">Con sus votos, bastar\u00edan dos restantes -Alfredo Guti\u00e9rrez Ortiz Mena y Margarita R\u00edos-Farjat son los m\u00e1s viables- para hacerla presidenta de la Corte.<\/span><\/p>\n<p class=\"p1\"><span style=\"font-size: 14pt;\">La primera en la historia del Poder Judicial.<\/span><\/p>\n<p>&nbsp;<\/p>\n<p class=\"p1\"><strong><span style=\"font-size: 18pt;\">TERE JIM\u00c9NEZ<\/span><\/strong><\/p>\n<p class=\"p1\"><span style=\"font-size: 14pt;\">1.- Ya surgieron los temores en Aguascalientes.<\/span><\/p>\n<p class=\"p1\"><span style=\"font-size: 14pt;\">Seg\u00fan el dirigente panista Marko Cort\u00e9s, es la \u00fanica entidad donde el PAN y sus aliados tienen posibilidades de victoria.<\/span><\/p>\n<p class=\"p1\"><span style=\"font-size: 14pt;\">La candidata opositora Tere Jim\u00e9nez inici\u00f3 la campa\u00f1a con mucha ventaja, muy din\u00e1mica y con amplio respaldo de la sociedad.<\/span><\/p>\n<p class=\"p1\"><span style=\"font-size: 14pt;\">Pero ha bajado su din\u00e1mica.<\/span><\/p>\n<p class=\"p1\"><span style=\"font-size: 14pt;\">Su equipo de campa\u00f1a, como si \u00e9sta hubiese terminado, ya se siente ganador y ella no mete orden entre su multitud de generales sin tropa.<\/span><\/p>\n<p class=\"p1\"><span style=\"font-size: 14pt;\">Pero faltan m\u00e1s de tres semanas para las votaciones y mientras Jim\u00e9nez pierde puntos, la oficialista Nora Ruvalcaba recibe refuerzos enviados desde la Ciudad de M\u00e9xico.<\/span><\/p>\n<p class=\"p1\"><span style=\"font-size: 14pt;\">Por lo menos pueden darle un susto electoral.<\/span><\/p>\n<p class=\"p1\"><span style=\"font-size: 14pt;\">Y 2.- Hubo reacciones a lo publicado ayer aqu\u00ed sobre el apoyo cubano para la aeronavegaci\u00f3n mexicana.<\/span><\/p>\n<p class=\"p1\"><span style=\"font-size: 14pt;\">-No le llames clases. Tal vez sea muy fuerte\u2026 Mejor ll\u00e1male asistencia de Cuba a M\u00e9xico -acota el informante desde La Habana.<\/span><\/p>\n<p class=\"p1\"><span style=\"font-size: 14pt;\">A petici\u00f3n suya lo dejamos en \u201casistencia\u201d pedida por la Agencia Federal de Aviaci\u00f3n Civil del general Carlos Antonio Rodr\u00edguez Mungu\u00eda.<\/span><\/p>\n<p>&nbsp;<\/p>\n<p>&nbsp;<\/p>\n<p>&nbsp;<\/p>\n","protected":false},"excerpt":{"rendered":"<p>&nbsp; Por Jos\u00e9 Ure\u00f1a &nbsp; Hay impulsos y fuerzas naturales. Las primeras han empezado a sumar apoyos a favor de<\/p>\n","protected":false},"author":4,"featured_media":4036,"comment_status":"closed","ping_status":"closed","sticky":false,"template":"","format":"standard","meta":{"colormag_page_container_layout":"default_layout","colormag_page_sidebar_layout":"default_layout","_jetpack_memberships_contains_paid_content":false,"footnotes":"","jetpack_publicize_message":"","jetpack_publicize_feature_enabled":true,"jetpack_social_post_already_shared":true,"jetpack_social_options":{"image_generator_settings":{"template":"highway","default_image_id":0,"font":"","enabled":false},"version":2}},"categories":[26],"tags":[],"class_list":["post-5115","post","type-post","status-publish","format-standard","has-post-thumbnail","hentry","category-columnistas"],"jetpack_publicize_connections":[],"jetpack_featured_media_url":"https:\/\/i0.wp.com\/politicosaldesnudo.com.mx\/wp-content\/uploads\/2022\/04\/JOSE%CC%81-UREN%CC%83A-1.png?fit=1816%2C1016&ssl=1","jetpack-related-posts":[],"jetpack_sharing_enabled":true,"_links":{"self":[{"href":"https:\/\/politicosaldesnudo.com.mx\/index.php\/wp-json\/wp\/v2\/posts\/5115","targetHints":{"allow":["GET"]}}],"collection":[{"href":"https:\/\/politicosaldesnudo.com.mx\/index.php\/wp-json\/wp\/v2\/posts"}],"about":[{"href":"https:\/\/politicosaldesnudo.com.mx\/index.php\/wp-json\/wp\/v2\/types\/post"}],"author":[{"embeddable":true,"href":"https:\/\/politicosaldesnudo.com.mx\/index.php\/wp-json\/wp\/v2\/users\/4"}],"replies":[{"embeddable":true,"href":"https:\/\/politicosaldesnudo.com.mx\/index.php\/wp-json\/wp\/v2\/comments?post=5115"}],"version-history":[{"count":0,"href":"https:\/\/politicosaldesnudo.com.mx\/index.php\/wp-json\/wp\/v2\/posts\/5115\/revisions"}],"wp:featuredmedia":[{"embeddable":true,"href":"https:\/\/politicosaldesnudo.com.mx\/index.php\/wp-json\/wp\/v2\/media\/4036"}],"wp:attachment":[{"href":"https:\/\/politicosaldesnudo.com.mx\/index.php\/wp-json\/wp\/v2\/media?parent=5115"}],"wp:term":[{"taxonomy":"category","embeddable":true,"href":"https:\/\/politicosaldesnudo.com.mx\/index.php\/wp-json\/wp\/v2\/categories?post=5115"},{"taxonomy":"post_tag","embeddable":true,"href":"https:\/\/politicosaldesnudo.com.mx\/index.php\/wp-json\/wp\/v2\/tags?post=5115"}],"curies":[{"name":"wp","href":"https:\/\/api.w.org\/{rel}","templated":true}]}}