{"id":5117,"date":"2022-05-11T05:30:54","date_gmt":"2022-05-11T10:30:54","guid":{"rendered":"https:\/\/politicosaldesnudo.com.mx\/?p=5117"},"modified":"2022-05-11T07:23:48","modified_gmt":"2022-05-11T12:23:48","slug":"dante-y-su-ultima-cruzada","status":"publish","type":"post","link":"https:\/\/politicosaldesnudo.com.mx\/index.php\/2022\/05\/11\/dante-y-su-ultima-cruzada\/","title":{"rendered":"Dante y su \u00faltima cruzada"},"content":{"rendered":"<p>&nbsp;<\/p>\n<p class=\"p1\"><strong><span style=\"font-size: 18pt;\">Por Luis Ram\u00edrez Baqueiro<\/span><\/strong><\/p>\n<p class=\"p1\"><em><strong><span style=\"font-size: 18pt;\">\u201cCuanto m\u00e1s alto coloque el hombre su meta, tanto m\u00e1s crecer\u00e1\u201d\u00a0 <\/span><\/strong><\/em><span style=\"font-size: 18pt;\">\u2013 Johann Christoph Friedrich von Schiller<\/span><span style=\"font-size: 18pt;\"> \u2013<\/span><\/p>\n<p class=\"p1\"><span style=\"font-size: 14pt;\">Dicen que <strong>Rafael Hern\u00e1ndez Ochoa<\/strong>, <strong>pron\u00f3stico<\/strong> que aquellos <strong>tres j\u00f3venes llegar\u00edan hacer sus propios sucesores en el Gobierno de Veracruz<\/strong>, originario de Santa Gertrudis, en Vega de Alatorre, <strong>no se equivoc\u00f3<\/strong>.<\/span><\/p>\n<p class=\"p1\"><span style=\"font-size: 14pt;\">Especializado por su trabajo en el conocimiento de los actores pol\u00edticos, desmenuz\u00f3 y conoc\u00eda hasta las entra\u00f1as los sue\u00f1os aspiracionistas de estos tres imberbes estudiantes de la Facultad de Derecho de la Universidad Veracruzana.<\/span><\/p>\n<p class=\"p1\"><span style=\"font-size: 14pt;\">De en balde se hab\u00eda pasado 22 a\u00f1os de carrera en los s\u00f3tanos del Palacio de Cobi\u00e1n, ocupando todos los encargos posibles Secretario Auxiliar del Subsecretario, Subdirector General de Poblaci\u00f3n, Subdirector General de Administraci\u00f3n, Director General de Investigaciones Pol\u00edticas y Sociales y Subsecretario de Gobernaci\u00f3n.<\/span><\/p>\n<p>&nbsp;<\/p>\n<p class=\"p1\"><strong><span style=\"font-size: 18pt;\">Luis Echeverr\u00eda \u00c1lvarez sab\u00eda de su val\u00eda y buen olfato para identificar futuros actores pol\u00edticos-sociales.<\/span><\/strong><\/p>\n<p class=\"p1\"><strong><span style=\"font-size: 18pt;\">Hern\u00e1ndez Ochoa, no se equivoc\u00f3. Los tres personajes llegaron al Gobierno de Veracruz.<\/span><\/strong><\/p>\n<p>&nbsp;<\/p>\n<p class=\"p1\"><span style=\"font-size: 14pt;\"><strong>Dante Alfonso Delgado Rannauro<\/strong>, nacido el 23 de diciembre de 1950, fue el primero en ocupar la magistratura en sustituci\u00f3n de otro personaje de leyenda, <strong>Fernando Guti\u00e9rrez Barrios, quien acudir\u00eda al llamado del presidente Carlos Salinas de Gortar\u00ed para hacerse del control pol\u00edtico del pa\u00eds desde la Secretar\u00eda de Gobernaci\u00f3n.<\/strong><\/span><\/p>\n<p class=\"p1\"><span style=\"font-size: 14pt;\">Posteriormente, llegar\u00eda el originario de Chacaltianguis, Veracruz, Fidel Herrera Beltr\u00e1n, nacido el 7 de marzo de 1949, quien a la postre ocupar\u00eda por m\u00e1s tiempo el mandato constitucional, y al que considera la sociedad como el \u00faltimo de los gobernadores del aparato priista arrollador.<\/span><\/p>\n<p class=\"p1\"><span style=\"font-size: 14pt;\">Finalmente, Miguel \u00c1ngel Yunes Linares, originario de Soledad de Doblado, Veracruz, y quien naciera un 5 de diciembre de 1952, terminar\u00eda de ser el \u00faltimo de aquella terna de j\u00f3venes con alto potencial en la vida pol\u00edtica, como lo habr\u00eda predicho el mismo Hern\u00e1ndez Ochoa.<\/span><\/p>\n<p class=\"p1\"><span style=\"font-size: 14pt;\">De los tres, el m\u00e1s osco, bronco, y poco ortodoxo en su trato era Dante, ese mismo que pasados los a\u00f1os, y despu\u00e9s de haber gobernado Veracruz, tuvo la invitaci\u00f3n del entonces presidente Ernesto Zedillo Ponce de Le\u00f3n para convertirse en Procurador Agrario, coordinador de la Comisi\u00f3n para el Bienestar Social y Desarrollo Econ\u00f3mico Sustentable para el Estado de Chiapas \u2013 en medio de la guerra contra el EZLN- embajador de M\u00e9xico en Italia y representante permanente ante la Organizaci\u00f3n de las Naciones Unidas para la Agricultura y la Alimentaci\u00f3n (FAO).<\/span><\/p>\n<p>&nbsp;<\/p>\n<p class=\"p1\"><span style=\"font-size: 18pt;\"><strong>Solo que el magnicidio de Luis Donaldo Colosio y algunos se\u00f1alamientos de corrupci\u00f3n por la compra de Cemento a la empresa de su familia, lo distanciaron al grado de convertirlo en enemigo del presidente, quien lo mando a la c\u00e1rcel acusado de peculado, delitos que ya hab\u00edan prescrito.<\/strong><\/span><\/p>\n<p>&nbsp;<\/p>\n<p class=\"p1\"><span style=\"font-size: 14pt;\">Desde su encierro forzoso, el oriundo de Alvarado, Veracruz, comenz\u00f3 a tejer el entramado de lo que ser\u00eda su escisi\u00f3n del priismo hegem\u00f3nico, para dar paso a su tr\u00e1nsito a la oposici\u00f3n con la construcci\u00f3n de Convergencia, primer partido nacional que conform\u00f3.<\/span><\/p>\n<p class=\"p1\"><span style=\"font-size: 14pt;\">As\u00ed desde la oposici\u00f3n, Dante Alfonso comenz\u00f3 a dilucidar la construcci\u00f3n de un M\u00e9xico ciudadanizado, diferente, al del aparato de estado, siempre otrora poderoso, que hac\u00eda y deshac\u00eda a sus anchas.<\/span><\/p>\n<p class=\"p1\"><span style=\"font-size: 14pt;\">Con el paso del tiempo, la propuesta de <strong>Convergencia<\/strong>, dio paso a la refundaci\u00f3n de ese instituto pol\u00edtico para convertirlo en <strong>Movimiento Ciudadano<\/strong>, un proyecto m\u00e1s trabajado, y por supuesto, m\u00e1s apegado al concepto original construido por \u00e9l.<\/span><\/p>\n<p>&nbsp;<\/p>\n<p class=\"p1\"><strong><span style=\"font-size: 18pt;\">As\u00ed con la llegada a la presidencia de Andr\u00e9s Manuel L\u00f3pez Obrador, quien fuera su aliado incondicional en dos procesos electorales previos, Delgado Rannauro comprendi\u00f3 que el antagonismo pol\u00edtico, vende m\u00e1s que ser el mismo gobierno, pero que a la par de ello, deber\u00eda y preparando el escenario, para la posibilidad, de tomar las riendas inclusive del mismo pa\u00eds.<\/span><\/strong><\/p>\n<p>&nbsp;<\/p>\n<p class=\"p1\"><strong><span style=\"font-size: 14pt;\">No siempre se puede ser oposici\u00f3n, y mucho menos transitar sin lesiones el pantano de la pol\u00edtica.<\/span><\/strong><\/p>\n<p class=\"p1\"><span style=\"font-size: 14pt;\">Por ello, Dante Alfonso se prepara, atrinchera sus fuerzas y comienza el movimiento de repliegue, con el \u00fanico af\u00e1n de fortificarse antes del ataque final, de emprender la que, para \u00e9l, ser\u00e1 su \u00faltima cruzada.<\/span><\/p>\n<p>&nbsp;<\/p>\n<p><img data-recalc-dims=\"1\" loading=\"lazy\" decoding=\"async\" class=\"aligncenter wp-image-5118 size-large\" src=\"https:\/\/i0.wp.com\/politicosaldesnudo.com.mx\/wp-content\/uploads\/2022\/05\/P-DANTE-1024x573.png?resize=800%2C448&#038;ssl=1\" alt=\"\" width=\"800\" height=\"448\" srcset=\"https:\/\/i0.wp.com\/politicosaldesnudo.com.mx\/wp-content\/uploads\/2022\/05\/P-DANTE.png?resize=1024%2C573&amp;ssl=1 1024w, https:\/\/i0.wp.com\/politicosaldesnudo.com.mx\/wp-content\/uploads\/2022\/05\/P-DANTE.png?resize=300%2C168&amp;ssl=1 300w, https:\/\/i0.wp.com\/politicosaldesnudo.com.mx\/wp-content\/uploads\/2022\/05\/P-DANTE.png?resize=768%2C430&amp;ssl=1 768w, https:\/\/i0.wp.com\/politicosaldesnudo.com.mx\/wp-content\/uploads\/2022\/05\/P-DANTE.png?resize=1536%2C859&amp;ssl=1 1536w, https:\/\/i0.wp.com\/politicosaldesnudo.com.mx\/wp-content\/uploads\/2022\/05\/P-DANTE.png?w=1816&amp;ssl=1 1816w, https:\/\/i0.wp.com\/politicosaldesnudo.com.mx\/wp-content\/uploads\/2022\/05\/P-DANTE.png?w=1600&amp;ssl=1 1600w\" sizes=\"auto, (max-width: 800px) 100vw, 800px\" \/><\/p>\n<p>&nbsp;<\/p>\n<p class=\"p1\"><span style=\"font-size: 18pt;\"><strong>Septuagenario, sabe que las fuerzas y la lucidez son indispensables para el ejercicio de poder, por ello, con el barajeo de nombres, hombres y mujeres, Dante se jugar\u00e1 su \u00faltima apuesta, llevar al hijo de Luis Donaldo Colosio Murrieta a la misma presidencia de M\u00e9xico.<\/strong><\/span><\/p>\n<p>&nbsp;<\/p>\n<p class=\"p1\"><span style=\"font-size: 14pt;\">Pero la apuesta de Delgado Rannauro no es solo el joven pol\u00edtico, quiz\u00e1 como ning\u00fan otro partido, \u00e9l ha tejido fino al punto de tener, una terna de barjas que pudieran ser consideradas como apuestas para dicha posici\u00f3n y sino que le pregunten a Ricardo Monreal, a Marcelo Ebrard, al mismo Enrique Alfaro o en su caso a Samuel Garc\u00eda o su esposa Mariana Rodr\u00edguez.<\/span><\/p>\n<p class=\"p1\"><span style=\"font-size: 14pt;\">Es seguro, que Dante Alfonso Delgado ser\u00e1 factor fundamental de la pr\u00f3xima elecci\u00f3n presidencial y del futuro de M\u00e9xico, pues se juega su \u00faltima cruzada.<\/span><\/p>\n<p class=\"p1\"><strong><span style=\"font-size: 18pt;\">Al tiempo.<\/span><\/strong><\/p>\n<p>&nbsp;<\/p>\n<p>&nbsp;<\/p>\n<p class=\"p1\"><strong><span style=\"font-size: 18pt;\">Correo:\u00a0<a href=\"mailto:astrolabiopoliticomx@gmail.com\">astrolabiopoliticomx@gmail.com<\/a><\/span><\/strong><\/p>\n<p class=\"p1\"><strong><span style=\"font-size: 18pt;\">Twitter: <a href=\"https:\/\/twitter.com\/LuisBaqueiro_mx\">@LuisBaqueiro_mx<\/a><\/span><\/strong><\/p>\n<p>&nbsp;<\/p>\n<p>&nbsp;<\/p>\n<p>&nbsp;<\/p>\n<p>&nbsp;<\/p>\n<p>&nbsp;<\/p>\n","protected":false},"excerpt":{"rendered":"<p>&nbsp; Por Luis Ram\u00edrez Baqueiro \u201cCuanto m\u00e1s alto coloque el hombre su meta, tanto m\u00e1s crecer\u00e1\u201d\u00a0 \u2013 Johann Christoph Friedrich<\/p>\n","protected":false},"author":4,"featured_media":4390,"comment_status":"closed","ping_status":"closed","sticky":false,"template":"","format":"standard","meta":{"colormag_page_container_layout":"default_layout","colormag_page_sidebar_layout":"default_layout","_jetpack_memberships_contains_paid_content":false,"footnotes":"","jetpack_publicize_message":"","jetpack_publicize_feature_enabled":true,"jetpack_social_post_already_shared":true,"jetpack_social_options":{"image_generator_settings":{"template":"highway","default_image_id":0,"font":"","enabled":false},"version":2}},"categories":[26],"tags":[701,314],"class_list":["post-5117","post","type-post","status-publish","format-standard","has-post-thumbnail","hentry","category-columnistas","tag-dante-delgado","tag-movimiento-ciudadano"],"jetpack_publicize_connections":[],"jetpack_featured_media_url":"https:\/\/i0.wp.com\/politicosaldesnudo.com.mx\/wp-content\/uploads\/2022\/04\/LUIS-RAMI%CC%81REZ-BAQUEIRO.png?fit=1816%2C1016&ssl=1","jetpack-related-posts":[],"jetpack_sharing_enabled":true,"_links":{"self":[{"href":"https:\/\/politicosaldesnudo.com.mx\/index.php\/wp-json\/wp\/v2\/posts\/5117","targetHints":{"allow":["GET"]}}],"collection":[{"href":"https:\/\/politicosaldesnudo.com.mx\/index.php\/wp-json\/wp\/v2\/posts"}],"about":[{"href":"https:\/\/politicosaldesnudo.com.mx\/index.php\/wp-json\/wp\/v2\/types\/post"}],"author":[{"embeddable":true,"href":"https:\/\/politicosaldesnudo.com.mx\/index.php\/wp-json\/wp\/v2\/users\/4"}],"replies":[{"embeddable":true,"href":"https:\/\/politicosaldesnudo.com.mx\/index.php\/wp-json\/wp\/v2\/comments?post=5117"}],"version-history":[{"count":0,"href":"https:\/\/politicosaldesnudo.com.mx\/index.php\/wp-json\/wp\/v2\/posts\/5117\/revisions"}],"wp:featuredmedia":[{"embeddable":true,"href":"https:\/\/politicosaldesnudo.com.mx\/index.php\/wp-json\/wp\/v2\/media\/4390"}],"wp:attachment":[{"href":"https:\/\/politicosaldesnudo.com.mx\/index.php\/wp-json\/wp\/v2\/media?parent=5117"}],"wp:term":[{"taxonomy":"category","embeddable":true,"href":"https:\/\/politicosaldesnudo.com.mx\/index.php\/wp-json\/wp\/v2\/categories?post=5117"},{"taxonomy":"post_tag","embeddable":true,"href":"https:\/\/politicosaldesnudo.com.mx\/index.php\/wp-json\/wp\/v2\/tags?post=5117"}],"curies":[{"name":"wp","href":"https:\/\/api.w.org\/{rel}","templated":true}]}}