{"id":51323,"date":"2024-11-29T15:43:31","date_gmt":"2024-11-29T21:43:31","guid":{"rendered":"https:\/\/politicosaldesnudo.com.mx\/?p=51323"},"modified":"2024-11-29T15:43:31","modified_gmt":"2024-11-29T21:43:31","slug":"mas-millones-a-la-uv","status":"publish","type":"post","link":"https:\/\/politicosaldesnudo.com.mx\/index.php\/2024\/11\/29\/mas-millones-a-la-uv\/","title":{"rendered":"\u00bfM\u00e1s millones a la UV?"},"content":{"rendered":"<div><span style=\"font-size: 14pt;\">\u00b7\u00a0\u00a0\u00a0\u00a0\u00a0 \u00a0Suman casi 10 mil millones de pesos lo que se le otorgaron el a\u00f1o pasado<\/span><\/div>\n<div><span style=\"font-size: 14pt;\">\u00b7\u00a0\u00a0\u00a0\u00a0\u00a0 \u00a0M\u00e1s de la mitad del presupuesto lo destinan para los llamados \u201cServicios Generales\u201d<\/span><\/div>\n<div><span style=\"font-size: 14pt;\">\u00b7\u00a0\u00a0\u00a0\u00a0\u00a0 \u00a0Tan solo para Comunicaci\u00f3n Social son $ 5,265,393.14 pesos<\/span><\/div>\n<div><span style=\"font-size: 14pt;\">Por Miguel \u00c1ngel Cristiani G.<\/span><\/div>\n<div><span style=\"font-size: 14pt;\">\u00a0<\/span><\/div>\n<div><span style=\"font-size: 14pt;\">Antes de que el Congreso del Estado le autorice al rector de la Universidad Veracruzana Mart\u00edn Aguilar S\u00e1nchez que se le entregue el 4 por ciento del presupuesto total del gobierno del estado, para cubrir \u00abproyectos estrat\u00e9gicos\u00bb ser\u00eda muy conveniente que los y las diputados le dieran una revisadita en c\u00f3mo y en que se gastan los miles de millones de pesos que ya reciben actualmente.<\/span><\/div>\n<div><span style=\"font-size: 14pt;\">Suman casi 10 mil millones de pesos lo que se le otorgaron el a\u00f1o pasado entre los subsidios federales y estatales.<\/span><\/div>\n<div><span style=\"font-size: 14pt;\">Nada m\u00e1s de la federaci\u00f3n les autorizaron para el ejercicio fiscal del a\u00f1o 2024 en curso la cantidad de\u00a0$ 3,154,354,614.<\/span><\/div>\n<div><span style=\"font-size: 14pt;\">Ahora el excelent\u00edsimo Rector de la Universidad Veracruzana, solicit\u00f3 al Congreso de Veracruz un incremento de mil 467 millones de pesos m\u00e1s en su presupuesto proyectado por la SEFIPLAN para el a\u00f1o 2025.<\/span><\/div>\n<div><span style=\"font-size: 14pt;\">Por eso ser\u00eda muy importante que el excelent\u00edsimo Rector explicara en detalle cuales son esos proyectos estrat\u00e9gicos con los que pretende justificar el aumento al presupuesto.<\/span><\/div>\n<div><span style=\"font-size: 14pt;\">Porque si no lo saben los diputados, hasta ahora, m\u00e1s de la mitad del presupuesto entregado por la federaci\u00f3n y por el estado se destinan para los llamados \u201cServicios Generales\u201d con un monto de $ 6.240.750, 279.99.<\/span><\/div>\n<div><span style=\"font-size: 14pt;\">Y que son esos llamados Servicios Generales, pues son sueldos y prestaciones, que se justifican presupuestalmente como Remuneraciones al Personal Permanente y Eventual, Remuneraciones Adicionales y Especiales, Seguridad Social, Otras Prestaciones Sociales y Econ\u00f3micas, Previsiones, Pago de est\u00edmulos a servidores p\u00fablicos.<\/span><\/div>\n<div><span style=\"font-size: 14pt;\">As\u00ed que la saben ahora los diputados y diputadas por donde pueden empezar a meter tijera, en lugar de autorizar m\u00e1s miles de millones de pesos para que se paguen sueldos, salarios y prestaciones.<\/span><\/div>\n<div><span style=\"font-size: 14pt;\">Pero por si no fuera suficiente, tambi\u00e9n hay que revisar los conceptos de Materiales y Suministros, en donde para los materiales de administraci\u00f3n se destinan $ 790.937,894.16 y para pagar \u201cAlimentos y Utensilios\u201d otros $ 3.619,772.02.<\/span><\/div>\n<div><span style=\"font-size: 14pt;\">Otro concepto prioritario en el presupuesto de la UV es el de Servicios Generales a los que se destinan $ 1.657,121,622.91 pesos.<\/span><\/div>\n<div><span style=\"font-size: 14pt;\">Llama tambi\u00e9n la atenci\u00f3n, el hecho de que se supone que la Universidad Veracruzana no est\u00e1 pagando servicios de publicidad a trav\u00e9s de la Coordinaci\u00f3n de Comunicaci\u00f3n Social, sin embargo, tiene un presupuesto aprobado de 4,262,618.23 y que adem\u00e1s le fue ampliado con otro mill\u00f3n de pesos m\u00e1s para quedar en $ 5,265,393.14 pesos.<\/span><\/div>\n<div><span style=\"font-size: 14pt;\">Otra de las joyitas del presupuesto de este a\u00f1o es el del rengl\u00f3n de \u201cServicios de Traslado y Vi\u00e1ticos\u201d que ten\u00eda aprobados $48,021,582.54 pesos y se le ampli\u00f3 con otros $ 108,016,373.52 para quedar en casi 150 millones de pesos.<\/span><\/div>\n<div><span style=\"font-size: 14pt;\">\u00bfPues cuantas flotillas de veh\u00edculos van a comprar, o alguien estar\u00e1 haciendo un negocito de arrendamiento de camionetas de lujo?<\/span><\/div>\n<div><span style=\"font-size: 14pt;\">As\u00ed que antes de autorizarle fondos estatales y federales por m\u00e1s de 10 mil millones de pesos, ser\u00eda conveniente que le aplicaran la pol\u00edtica de austeridad republicana que tanto cantan los morenistas y que mejor destinaran esos recursos para las universidades populares que impuls\u00f3 el l\u00edder moral Andr\u00e9s Manuel L\u00f3pez Obrador, precisamente para contrarrestar esos derroches en sueldos y prestaciones injustificadas con resultados a la sociedad.<\/span><\/div>\n<div><span style=\"font-size: 14pt;\">Les recuerda Pancho L\u00f3pez el fil\u00f3sofo ateniense xalape\u00f1o que como parte del ese s\u00ed\u00a0recorte \u201ccr\u00edtico\u201d a cultura en 2025, la secretar\u00eda de Hacienda plantea quitarle 4 mil millones de pesos a ese rubro, ya que en lugar de aumentarles como se pretende aqu\u00ed en la Universidad Veracruzana, les van a quitar.<\/span><\/div>\n","protected":false},"excerpt":{"rendered":"<p>\u00b7\u00a0\u00a0\u00a0\u00a0\u00a0 \u00a0Suman casi 10 mil millones de pesos lo que se le otorgaron el a\u00f1o pasado \u00b7\u00a0\u00a0\u00a0\u00a0\u00a0 \u00a0M\u00e1s de la<\/p>\n","protected":false},"author":4,"featured_media":45022,"comment_status":"closed","ping_status":"closed","sticky":false,"template":"","format":"standard","meta":{"colormag_page_container_layout":"default_layout","colormag_page_sidebar_layout":"default_layout","_jetpack_memberships_contains_paid_content":false,"footnotes":"","jetpack_publicize_message":"","jetpack_publicize_feature_enabled":true,"jetpack_social_post_already_shared":false,"jetpack_social_options":{"image_generator_settings":{"template":"highway","default_image_id":0,"font":"","enabled":false},"version":2}},"categories":[26],"tags":[],"class_list":["post-51323","post","type-post","status-publish","format-standard","has-post-thumbnail","hentry","category-columnistas"],"jetpack_publicize_connections":[],"jetpack_featured_media_url":"https:\/\/i0.wp.com\/politicosaldesnudo.com.mx\/wp-content\/uploads\/2024\/08\/CRISTIANI.jpg?fit=800%2C445&ssl=1","jetpack-related-posts":[],"jetpack_sharing_enabled":true,"_links":{"self":[{"href":"https:\/\/politicosaldesnudo.com.mx\/index.php\/wp-json\/wp\/v2\/posts\/51323","targetHints":{"allow":["GET"]}}],"collection":[{"href":"https:\/\/politicosaldesnudo.com.mx\/index.php\/wp-json\/wp\/v2\/posts"}],"about":[{"href":"https:\/\/politicosaldesnudo.com.mx\/index.php\/wp-json\/wp\/v2\/types\/post"}],"author":[{"embeddable":true,"href":"https:\/\/politicosaldesnudo.com.mx\/index.php\/wp-json\/wp\/v2\/users\/4"}],"replies":[{"embeddable":true,"href":"https:\/\/politicosaldesnudo.com.mx\/index.php\/wp-json\/wp\/v2\/comments?post=51323"}],"version-history":[{"count":0,"href":"https:\/\/politicosaldesnudo.com.mx\/index.php\/wp-json\/wp\/v2\/posts\/51323\/revisions"}],"wp:featuredmedia":[{"embeddable":true,"href":"https:\/\/politicosaldesnudo.com.mx\/index.php\/wp-json\/wp\/v2\/media\/45022"}],"wp:attachment":[{"href":"https:\/\/politicosaldesnudo.com.mx\/index.php\/wp-json\/wp\/v2\/media?parent=51323"}],"wp:term":[{"taxonomy":"category","embeddable":true,"href":"https:\/\/politicosaldesnudo.com.mx\/index.php\/wp-json\/wp\/v2\/categories?post=51323"},{"taxonomy":"post_tag","embeddable":true,"href":"https:\/\/politicosaldesnudo.com.mx\/index.php\/wp-json\/wp\/v2\/tags?post=51323"}],"curies":[{"name":"wp","href":"https:\/\/api.w.org\/{rel}","templated":true}]}}