{"id":5135,"date":"2022-05-11T05:15:08","date_gmt":"2022-05-11T10:15:08","guid":{"rendered":"https:\/\/politicosaldesnudo.com.mx\/?p=5135"},"modified":"2022-05-11T15:59:30","modified_gmt":"2022-05-11T20:59:30","slug":"periodistas-asesinados","status":"publish","type":"post","link":"https:\/\/politicosaldesnudo.com.mx\/index.php\/2022\/05\/11\/periodistas-asesinados\/","title":{"rendered":"Periodistas asesinados"},"content":{"rendered":"<p>&nbsp;<\/p>\n<p><strong><span style=\"font-size: 18pt;\">Por Virginia Dur\u00e1n Campollo<\/span><\/strong><\/p>\n<p><span style=\"font-size: 14pt;\">El gobierno federal de Morena, es responsable de la muerte de 60 periodistas asesinados en lo que va de su administraci\u00f3n. Ese odio ma\u00f1anero diario hacia la prensa cr\u00edtica, recoge sus funestos frutos con actos de violencia. El aut\u00f3crata no gusta de la verdad. Lo de \u00e9l es el enga\u00f1o. <\/span><\/p>\n<p><span style=\"font-size: 14pt;\">Quien revela sus intenciones, hechos corre el riesgo de exterminio. Tambi\u00e9n del desprestigio y una inquina nunca vista de un mandatario mexicano en contra de este sector. Vuelve Veracruz \u2013 estado fallido- a colocarse en el ojo del hurac\u00e1n, con el asesinato de dos periodistas estimadas en el medio. <\/span><\/p>\n<p><span style=\"font-size: 14pt;\">Con estos feminicidios suman 11 periodistas muertos en s\u00f3lo 5 meses. Es inhumano el trato al gremio y la Comisi\u00f3n Nacional de Derechos Humanos debiera actuar. Pero s\u00f3lo es un elefante blanco al servicio del ejecutivo, como el legislativo y judicial. <\/span><\/p>\n<p><span style=\"font-size: 14pt;\">No se qu\u00e9 impide ver la realidad y el abismo al que nos llevan. La impunidad que ofrece el mandatario a los verdaderos delincuentes, permite que la violencia en el pa\u00eds vaya a la alza.<\/span><\/p>\n<p><span style=\"font-size: 14pt;\"> M\u00e9xico est\u00e1 ensangrentado con tanto muerto y el eterno candidato en campa\u00f1a y regalando, tirando el erario cuando aqu\u00ed millones de mexicanos carecen de lo estricto.<\/span><\/p>\n","protected":false},"excerpt":{"rendered":"<p>&nbsp; Por Virginia Dur\u00e1n Campollo El gobierno federal de Morena, es responsable de la muerte de 60 periodistas asesinados en<\/p>\n","protected":false},"author":4,"featured_media":5136,"comment_status":"closed","ping_status":"closed","sticky":false,"template":"","format":"standard","meta":{"colormag_page_container_layout":"default_layout","colormag_page_sidebar_layout":"default_layout","_jetpack_memberships_contains_paid_content":false,"footnotes":"","jetpack_publicize_message":"","jetpack_publicize_feature_enabled":true,"jetpack_social_post_already_shared":true,"jetpack_social_options":{"image_generator_settings":{"template":"highway","default_image_id":0,"font":"","enabled":false},"version":2}},"categories":[26],"tags":[],"class_list":["post-5135","post","type-post","status-publish","format-standard","has-post-thumbnail","hentry","category-columnistas"],"jetpack_publicize_connections":[],"jetpack_featured_media_url":"https:\/\/i0.wp.com\/politicosaldesnudo.com.mx\/wp-content\/uploads\/2022\/05\/VIRGINA-DURA%CC%81N.png?fit=1816%2C1016&ssl=1","jetpack-related-posts":[],"jetpack_sharing_enabled":true,"_links":{"self":[{"href":"https:\/\/politicosaldesnudo.com.mx\/index.php\/wp-json\/wp\/v2\/posts\/5135","targetHints":{"allow":["GET"]}}],"collection":[{"href":"https:\/\/politicosaldesnudo.com.mx\/index.php\/wp-json\/wp\/v2\/posts"}],"about":[{"href":"https:\/\/politicosaldesnudo.com.mx\/index.php\/wp-json\/wp\/v2\/types\/post"}],"author":[{"embeddable":true,"href":"https:\/\/politicosaldesnudo.com.mx\/index.php\/wp-json\/wp\/v2\/users\/4"}],"replies":[{"embeddable":true,"href":"https:\/\/politicosaldesnudo.com.mx\/index.php\/wp-json\/wp\/v2\/comments?post=5135"}],"version-history":[{"count":0,"href":"https:\/\/politicosaldesnudo.com.mx\/index.php\/wp-json\/wp\/v2\/posts\/5135\/revisions"}],"wp:featuredmedia":[{"embeddable":true,"href":"https:\/\/politicosaldesnudo.com.mx\/index.php\/wp-json\/wp\/v2\/media\/5136"}],"wp:attachment":[{"href":"https:\/\/politicosaldesnudo.com.mx\/index.php\/wp-json\/wp\/v2\/media?parent=5135"}],"wp:term":[{"taxonomy":"category","embeddable":true,"href":"https:\/\/politicosaldesnudo.com.mx\/index.php\/wp-json\/wp\/v2\/categories?post=5135"},{"taxonomy":"post_tag","embeddable":true,"href":"https:\/\/politicosaldesnudo.com.mx\/index.php\/wp-json\/wp\/v2\/tags?post=5135"}],"curies":[{"name":"wp","href":"https:\/\/api.w.org\/{rel}","templated":true}]}}