{"id":51420,"date":"2024-12-01T00:16:52","date_gmt":"2024-12-01T06:16:52","guid":{"rendered":"https:\/\/politicosaldesnudo.com.mx\/?p=51420"},"modified":"2024-11-30T14:39:32","modified_gmt":"2024-11-30T20:39:32","slug":"queretaro-compra-equipos-de-vigilancia-para-sus-patrullas-tras-masacre-en-bar","status":"publish","type":"post","link":"https:\/\/politicosaldesnudo.com.mx\/index.php\/2024\/12\/01\/queretaro-compra-equipos-de-vigilancia-para-sus-patrullas-tras-masacre-en-bar\/","title":{"rendered":"Quer\u00e9taro compra equipos de vigilancia para sus patrullas tras masacre en bar"},"content":{"rendered":"<p><span style=\"font-size: 14pt;\">El gobierno de\u00a0Quer\u00e9taro\u00a0invertir\u00e1 miles de pesos en la\u00a0compra de sistemas de grabaci\u00f3n\u00a0de primer nivel que ser\u00e1n instalados en las patrullas de la\u00a0Secretar\u00eda de Seguridad P\u00fablica\u00a0que vigilan todo el estado.<\/span><\/p>\n<p><span style=\"font-size: 14pt;\">La\u00a0adquisici\u00f3n del equipo\u00a0tiene lugar tras el\u00a0ataque\u00a0al bar Los Cantaritos, en pleno centro hist\u00f3rico de la capital ocurrido el pasado 9 de noviembre, que dej\u00f3 un saldo de\u00a010 muertos y 13 heridos\u00a0cuando desconocidos ingresaron al lugar y abrieron fuego contra las personas.<\/span><\/p>\n<p><span style=\"font-size: 14pt;\">En la licitaci\u00f3n que el gobierno del panista\u00a0Mauricio Kuri\u00a0lanz\u00f3 tres d\u00edas despu\u00e9s de la\u00a0masacre\u00a0para adquirir con \u201ccar\u00e1cter de urgencia\u201d el equipo, se especifica que ser\u00e1n 86 los\u00a0sistemas de grabaci\u00f3n\u00a0que se comprar\u00e1n y cada uno deber\u00e1 contar con\u00a0tres c\u00e1maras\u00a0para instalaci\u00f3n en exteriores e interiores de las patrullas.<\/span><\/p>\n","protected":false},"excerpt":{"rendered":"<p>El gobierno de\u00a0Quer\u00e9taro\u00a0invertir\u00e1 miles de pesos en la\u00a0compra de sistemas de grabaci\u00f3n\u00a0de primer nivel que ser\u00e1n instalados en las patrullas<\/p>\n","protected":false},"author":4,"featured_media":51421,"comment_status":"closed","ping_status":"closed","sticky":false,"template":"","format":"standard","meta":{"colormag_page_container_layout":"default_layout","colormag_page_sidebar_layout":"default_layout","_jetpack_memberships_contains_paid_content":false,"footnotes":"","jetpack_publicize_message":"","jetpack_publicize_feature_enabled":true,"jetpack_social_post_already_shared":false,"jetpack_social_options":{"image_generator_settings":{"template":"highway","default_image_id":0,"font":"","enabled":false},"version":2}},"categories":[33],"tags":[],"class_list":["post-51420","post","type-post","status-publish","format-standard","has-post-thumbnail","hentry","category-nacional"],"jetpack_publicize_connections":[],"jetpack_featured_media_url":"https:\/\/i0.wp.com\/politicosaldesnudo.com.mx\/wp-content\/uploads\/2024\/11\/Queretaro.jpg?fit=768%2C479&ssl=1","jetpack-related-posts":[],"jetpack_sharing_enabled":true,"_links":{"self":[{"href":"https:\/\/politicosaldesnudo.com.mx\/index.php\/wp-json\/wp\/v2\/posts\/51420","targetHints":{"allow":["GET"]}}],"collection":[{"href":"https:\/\/politicosaldesnudo.com.mx\/index.php\/wp-json\/wp\/v2\/posts"}],"about":[{"href":"https:\/\/politicosaldesnudo.com.mx\/index.php\/wp-json\/wp\/v2\/types\/post"}],"author":[{"embeddable":true,"href":"https:\/\/politicosaldesnudo.com.mx\/index.php\/wp-json\/wp\/v2\/users\/4"}],"replies":[{"embeddable":true,"href":"https:\/\/politicosaldesnudo.com.mx\/index.php\/wp-json\/wp\/v2\/comments?post=51420"}],"version-history":[{"count":0,"href":"https:\/\/politicosaldesnudo.com.mx\/index.php\/wp-json\/wp\/v2\/posts\/51420\/revisions"}],"wp:featuredmedia":[{"embeddable":true,"href":"https:\/\/politicosaldesnudo.com.mx\/index.php\/wp-json\/wp\/v2\/media\/51421"}],"wp:attachment":[{"href":"https:\/\/politicosaldesnudo.com.mx\/index.php\/wp-json\/wp\/v2\/media?parent=51420"}],"wp:term":[{"taxonomy":"category","embeddable":true,"href":"https:\/\/politicosaldesnudo.com.mx\/index.php\/wp-json\/wp\/v2\/categories?post=51420"},{"taxonomy":"post_tag","embeddable":true,"href":"https:\/\/politicosaldesnudo.com.mx\/index.php\/wp-json\/wp\/v2\/tags?post=51420"}],"curies":[{"name":"wp","href":"https:\/\/api.w.org\/{rel}","templated":true}]}}