{"id":5143,"date":"2022-05-11T16:32:14","date_gmt":"2022-05-11T21:32:14","guid":{"rendered":"https:\/\/politicosaldesnudo.com.mx\/?p=5143"},"modified":"2022-05-11T17:33:16","modified_gmt":"2022-05-11T22:33:16","slug":"pan-presenta-contrapropuesta-de-reforma-electoral","status":"publish","type":"post","link":"https:\/\/politicosaldesnudo.com.mx\/index.php\/2022\/05\/11\/pan-presenta-contrapropuesta-de-reforma-electoral\/","title":{"rendered":"PAN presenta contrapropuesta de Reforma Electoral"},"content":{"rendered":"<p class=\"p2\"><span style=\"font-size: 14pt;\"><em><strong>Ciudad de M\u00e9xico.<\/strong> <\/em>Este mi\u00e9rcoles el <strong>Partido Acci\u00f3n Nacional<\/strong> (PAN) presenta <span class=\"s1\">su iniciativa de<strong> Reforma Electoral<\/strong> a la Comisi\u00f3n Permanente del Congreso de la Uni\u00f3n, la cual contempla <strong>elecciones primarias, sobrerrepresentaci\u00f3n en las C\u00e1mara del Congreso, candidaturas comunes, as\u00ed como la instauraci\u00f3n del voto electr\u00f3nico.<\/strong><\/span><\/span><\/p>\n<p class=\"p4\"><span style=\"font-size: 14pt;\">Anteriormente el presidente nacional, <strong>Marko Cort\u00e9s Mendoza<\/strong>, dio a conocer la propuesta que se entregar\u00eda al Congreso calific\u00e1ndola de <strong>\u201cmoderna e innovadora\u201d.<\/strong><\/span><\/p>\n<blockquote>\n<p class=\"p4\"><span style=\"font-size: 14pt;\">Impulsamos una propuesta electoral que fortalece nuestra democracia, que pone controles al gobierno, logra una correcta representaci\u00f3n del mandato popular en la C\u00e1mara de Diputados y genera mejores condiciones de gobernabilidad\u201d, puntualiz\u00f3.<\/span><\/p>\n<\/blockquote>\n<p class=\"p4\"><span style=\"font-size: 14pt;\">Cabe destacar que esta iniciativa es una contrapropuesta de la reforma del presidente Andr\u00e9s Manuel L\u00f3pez Obrador, que propone transformar al actual \u00f3rgano electoral en el Instituto Nacional de Elecciones y Consultas (INEC), la federalizaci\u00f3n de las elecciones, desaparici\u00f3n de OPLE&#8217;s y reducci\u00f3n significativa en n\u00famero de senadores y diputados federales y locales.<\/span><\/p>\n<p>&nbsp;<\/p>\n<p class=\"p4\"><span style=\"font-size: 18pt;\"><strong>LAS PROPUESTAS DEL PAN<span class=\"Apple-converted-space\">\u00a0<\/span><\/strong><\/span><\/p>\n<p class=\"p4\"><strong><span style=\"font-size: 14pt;\">-Elecciones primarias: en donde se defina al candidato que representar\u00e1 a su partido, con participaci\u00f3n \u00ababierta\u00bb de militantes y simpatizantes.<\/span><\/strong><\/p>\n<p class=\"p4\"><strong><span style=\"font-size: 14pt;\">-Sobrerrepresentaci\u00f3n en la integraci\u00f3n de las C\u00e1maras del Congreso de la Uni\u00f3n.<\/span><\/strong><\/p>\n<p class=\"p4\"><strong><span style=\"font-size: 14pt;\">-Nulidad de elecciones por involucramiento de la delincuencia organizada.<\/span><\/strong><\/p>\n<p class=\"p4\"><strong><span style=\"font-size: 14pt;\">-Candidaturas comunes.<\/span><\/strong><\/p>\n<p class=\"p4\"><strong><span style=\"font-size: 14pt;\">-Voto electr\u00f3nico: urnas electr\u00f3nicas en elecciones federales y locales.<\/span><\/strong><\/p>\n<p class=\"p4\"><strong><span style=\"font-size: 14pt;\">-Declinaci\u00f3n de candidaturas.<\/span><\/strong><\/p>\n<p>&nbsp;<\/p>\n<p class=\"p4\"><span style=\"font-size: 14pt;\">Adem\u00e1s se prev\u00e9 cambios al Art\u00edculo 1, en materia de elecciones primarias para los partidos que decidan aliarse para la elecci\u00f3n y postulaci\u00f3n de su candidatura presidencial.<\/span><\/p>\n<p class=\"p4\"><span style=\"font-size: 14pt;\">Y es que as\u00ed la determinaci\u00f3n de los triunfos en distritos uninominales y de senadores de mayor\u00eda relativa se definir\u00e1 seg\u00fan afiliaci\u00f3n efectiva, o en caso de no tener afiliaci\u00f3n, se dar\u00e1 al partido que haya obtenido m\u00e1s votos en el distrito; en caso de reelecci\u00f3n, este ser\u00e1 para el grupo al que perteneci\u00f3 en la legislatura inmediata anterior.<\/span><\/p>\n<p>&nbsp;<\/p>\n<p class=\"p4\"><span style=\"font-size: 18pt;\"><strong>Finalmente se busca prohibir el cambiar de partido y con ello evitar el cambio de partido por parte de los legisladores.<\/strong><\/span><\/p>\n<p>&nbsp;<\/p>\n<p>&nbsp;<\/p>\n","protected":false},"excerpt":{"rendered":"<p>Ciudad de M\u00e9xico. Este mi\u00e9rcoles el Partido Acci\u00f3n Nacional (PAN) presenta su iniciativa de Reforma Electoral a la Comisi\u00f3n Permanente<\/p>\n","protected":false},"author":4,"featured_media":5144,"comment_status":"closed","ping_status":"closed","sticky":false,"template":"","format":"standard","meta":{"colormag_page_container_layout":"default_layout","colormag_page_sidebar_layout":"default_layout","_jetpack_memberships_contains_paid_content":false,"footnotes":"","jetpack_publicize_message":"","jetpack_publicize_feature_enabled":true,"jetpack_social_post_already_shared":true,"jetpack_social_options":{"image_generator_settings":{"template":"highway","default_image_id":0,"font":"","enabled":false},"version":2}},"categories":[33],"tags":[103,561],"class_list":["post-5143","post","type-post","status-publish","format-standard","has-post-thumbnail","hentry","category-nacional","tag-pan","tag-reforma-electoral"],"jetpack_publicize_connections":[],"jetpack_featured_media_url":"https:\/\/i0.wp.com\/politicosaldesnudo.com.mx\/wp-content\/uploads\/2022\/05\/P-REFORMA.png?fit=1816%2C1016&ssl=1","jetpack-related-posts":[],"jetpack_sharing_enabled":true,"_links":{"self":[{"href":"https:\/\/politicosaldesnudo.com.mx\/index.php\/wp-json\/wp\/v2\/posts\/5143","targetHints":{"allow":["GET"]}}],"collection":[{"href":"https:\/\/politicosaldesnudo.com.mx\/index.php\/wp-json\/wp\/v2\/posts"}],"about":[{"href":"https:\/\/politicosaldesnudo.com.mx\/index.php\/wp-json\/wp\/v2\/types\/post"}],"author":[{"embeddable":true,"href":"https:\/\/politicosaldesnudo.com.mx\/index.php\/wp-json\/wp\/v2\/users\/4"}],"replies":[{"embeddable":true,"href":"https:\/\/politicosaldesnudo.com.mx\/index.php\/wp-json\/wp\/v2\/comments?post=5143"}],"version-history":[{"count":0,"href":"https:\/\/politicosaldesnudo.com.mx\/index.php\/wp-json\/wp\/v2\/posts\/5143\/revisions"}],"wp:featuredmedia":[{"embeddable":true,"href":"https:\/\/politicosaldesnudo.com.mx\/index.php\/wp-json\/wp\/v2\/media\/5144"}],"wp:attachment":[{"href":"https:\/\/politicosaldesnudo.com.mx\/index.php\/wp-json\/wp\/v2\/media?parent=5143"}],"wp:term":[{"taxonomy":"category","embeddable":true,"href":"https:\/\/politicosaldesnudo.com.mx\/index.php\/wp-json\/wp\/v2\/categories?post=5143"},{"taxonomy":"post_tag","embeddable":true,"href":"https:\/\/politicosaldesnudo.com.mx\/index.php\/wp-json\/wp\/v2\/tags?post=5143"}],"curies":[{"name":"wp","href":"https:\/\/api.w.org\/{rel}","templated":true}]}}