{"id":5151,"date":"2022-05-11T19:04:34","date_gmt":"2022-05-12T00:04:34","guid":{"rendered":"https:\/\/politicosaldesnudo.com.mx\/?p=5151"},"modified":"2022-05-13T19:59:09","modified_gmt":"2022-05-14T00:59:09","slug":"colonias-populares-son-prioridad-en-tuxpan","status":"publish","type":"post","link":"https:\/\/politicosaldesnudo.com.mx\/index.php\/2022\/05\/11\/colonias-populares-son-prioridad-en-tuxpan\/","title":{"rendered":"Colonias populares son prioridad en Tuxpan"},"content":{"rendered":"<p class=\"p1\"><span style=\"font-size: 14pt;\"><em><strong>Tuxpan.<\/strong><\/em> Para<strong> evitar el abandono<\/strong>, as\u00ed como permite la<strong> accesibilidad y movilidad de las familias tuxpe\u00f1as<\/strong>, este mi\u00e9rcoles el alcalde <strong>Jos\u00e9 Manuel Pozos Castro<\/strong> dio el <strong>banderazo de inicio de construcci\u00f3n.<\/strong><\/span><\/p>\n<p><img data-recalc-dims=\"1\" loading=\"lazy\" decoding=\"async\" class=\"aligncenter wp-image-5154 size-large\" src=\"https:\/\/i0.wp.com\/politicosaldesnudo.com.mx\/wp-content\/uploads\/2022\/05\/P-TUXPAN3-1024x573.png?resize=800%2C448&#038;ssl=1\" alt=\"\" width=\"800\" height=\"448\" srcset=\"https:\/\/i0.wp.com\/politicosaldesnudo.com.mx\/wp-content\/uploads\/2022\/05\/P-TUXPAN3.png?resize=1024%2C573&amp;ssl=1 1024w, https:\/\/i0.wp.com\/politicosaldesnudo.com.mx\/wp-content\/uploads\/2022\/05\/P-TUXPAN3.png?resize=300%2C168&amp;ssl=1 300w, https:\/\/i0.wp.com\/politicosaldesnudo.com.mx\/wp-content\/uploads\/2022\/05\/P-TUXPAN3.png?resize=768%2C430&amp;ssl=1 768w, https:\/\/i0.wp.com\/politicosaldesnudo.com.mx\/wp-content\/uploads\/2022\/05\/P-TUXPAN3.png?resize=1536%2C859&amp;ssl=1 1536w, https:\/\/i0.wp.com\/politicosaldesnudo.com.mx\/wp-content\/uploads\/2022\/05\/P-TUXPAN3.png?w=1816&amp;ssl=1 1816w, https:\/\/i0.wp.com\/politicosaldesnudo.com.mx\/wp-content\/uploads\/2022\/05\/P-TUXPAN3.png?w=1600&amp;ssl=1 1600w\" sizes=\"auto, (max-width: 800px) 100vw, 800px\" \/><\/p>\n<p>&nbsp;<\/p>\n<p class=\"p1\"><span style=\"font-size: 18pt;\"><strong>Y es que as\u00ed se beneficiar\u00e1 a los vecinos de la colonia Ampliaci\u00f3n Los Mangos con la guarniciones y banquetas en la calle Segunda de Mango Dominico.<span class=\"Apple-converted-space\">\u00a0<\/span><\/strong><\/span><\/p>\n<p class=\"p1\"><span style=\"font-size: 14pt;\">Con una inversi\u00f3n de 780 mil pesos, provenientes del Fondo de Infraestructura Social Municipal y de las Demarcaciones Territoriales del Distrito Federal, se estar\u00e1n beneficiando un total de 240 habitantes.<span class=\"Apple-converted-space\">\u00a0<\/span><\/span><\/p>\n<blockquote>\n<p class=\"p1\"><span style=\"font-size: 14pt;\">Nos comprometimos a sacar del abandono a las colonias de Alto Lucero y ya estamos manos a la obra, generando progreso y bienestar social\u201d, se\u00f1al\u00f3 el alcalde.<span class=\"Apple-converted-space\">\u00a0<\/span><\/span><\/p>\n<\/blockquote>\n<p class=\"p1\"><span style=\"font-size: 14pt;\"><span style=\"font-size: 18pt;\"><strong>Cabe destacar que ser\u00e1 la primera vez en Tuxpan que se est\u00e1n invirtiendo los recursos p\u00fablicos donde hace falta, en servicio de familias humildes<\/strong><\/span>.<\/span><\/p>\n<p><img data-recalc-dims=\"1\" loading=\"lazy\" decoding=\"async\" class=\"aligncenter wp-image-5152 size-large\" src=\"https:\/\/i0.wp.com\/politicosaldesnudo.com.mx\/wp-content\/uploads\/2022\/05\/P-TUXPAN1-1-1024x573.png?resize=800%2C448&#038;ssl=1\" alt=\"\" width=\"800\" height=\"448\" srcset=\"https:\/\/i0.wp.com\/politicosaldesnudo.com.mx\/wp-content\/uploads\/2022\/05\/P-TUXPAN1-1.png?resize=1024%2C573&amp;ssl=1 1024w, https:\/\/i0.wp.com\/politicosaldesnudo.com.mx\/wp-content\/uploads\/2022\/05\/P-TUXPAN1-1.png?resize=300%2C168&amp;ssl=1 300w, https:\/\/i0.wp.com\/politicosaldesnudo.com.mx\/wp-content\/uploads\/2022\/05\/P-TUXPAN1-1.png?resize=768%2C430&amp;ssl=1 768w, https:\/\/i0.wp.com\/politicosaldesnudo.com.mx\/wp-content\/uploads\/2022\/05\/P-TUXPAN1-1.png?resize=1536%2C859&amp;ssl=1 1536w, https:\/\/i0.wp.com\/politicosaldesnudo.com.mx\/wp-content\/uploads\/2022\/05\/P-TUXPAN1-1.png?w=1816&amp;ssl=1 1816w, https:\/\/i0.wp.com\/politicosaldesnudo.com.mx\/wp-content\/uploads\/2022\/05\/P-TUXPAN1-1.png?w=1600&amp;ssl=1 1600w\" sizes=\"auto, (max-width: 800px) 100vw, 800px\" \/><\/p>\n<p>&nbsp;<\/p>\n<blockquote>\n<p class=\"p1\"><span style=\"font-size: 14pt;\">Familias que por a\u00f1os hab\u00edan estado esperanzado ser tomadas en cuenta\u201d<\/span><\/p>\n<\/blockquote>\n<p class=\"p1\"><span style=\"font-size: 14pt;\">La se\u00f1ora Thal\u00eda Mel\u00e9ndez Santiago, del Comit\u00e9<span class=\"Apple-converted-space\">\u00a0 <\/span>de Contralor\u00eda Social, agradeci\u00f3 al alcalde est\u00e1 obra, la cual estuvieron esperando por m\u00e1s de 30 a\u00f1os.<span class=\"Apple-converted-space\">\u00a0<\/span><\/span><\/p>\n<blockquote>\n<p class=\"p1\"><span style=\"font-size: 14pt;\">Al fin hemos logrado, gracias a su ayuda, est\u00e1 obra de guarniciones y banquetas que cambiar\u00e1 y transformar\u00e1 nuestras vidas\u00bb<\/span><\/p>\n<\/blockquote>\n<p class=\"p1\"><span style=\"font-size: 14pt;\">En este evento el alcalde y la s\u00edndica estuvieron acompa\u00f1ados por la regidora sexta comisionada en obras p\u00fablicas Lucero Res\u00e9ndiz; Jes\u00fas Carballo Serrano, director de Desarrollo Social; el director de Obras P\u00fablicas, Pedro de Jes\u00fas Espinoza P\u00e9rez, por regidoras, regidores y directores de \u00e1rea.<span class=\"Apple-converted-space\">\u00a0<\/span><\/span><\/p>\n<p class=\"p1\"><span style=\"font-size: 14pt;\">Tambi\u00e9n estuvo presente el presidente del comit\u00e9 de Contralor\u00eda Social y del Comit\u00e9 del Bienestar, Feliciano Mel\u00e9ndez Marcel; Jacobo Lemus Aquino, Consejero Comunitario y Beatriz Cruz M\u00e1rquez, Vocal del Comit\u00e9 del Bienestar.<\/span><\/p>\n<p>&nbsp;<\/p>\n<p>&nbsp;<\/p>\n<p>&nbsp;<\/p>\n<p>&nbsp;<\/p>\n<p>&nbsp;<\/p>\n","protected":false},"excerpt":{"rendered":"<p>Tuxpan. Para evitar el abandono, as\u00ed como permite la accesibilidad y movilidad de las familias tuxpe\u00f1as, este mi\u00e9rcoles el alcalde<\/p>\n","protected":false},"author":4,"featured_media":5153,"comment_status":"closed","ping_status":"closed","sticky":false,"template":"","format":"standard","meta":{"colormag_page_container_layout":"default_layout","colormag_page_sidebar_layout":"default_layout","_jetpack_memberships_contains_paid_content":false,"footnotes":"","jetpack_publicize_message":"","jetpack_publicize_feature_enabled":true,"jetpack_social_post_already_shared":true,"jetpack_social_options":{"image_generator_settings":{"template":"highway","default_image_id":0,"font":"","enabled":false},"version":2}},"categories":[30],"tags":[711,576,70,100],"class_list":["post-5151","post","type-post","status-publish","format-standard","has-post-thumbnail","hentry","category-estados","tag-familias","tag-jose-manuel-pozos","tag-tuxpan","tag-veracruz"],"jetpack_publicize_connections":[],"jetpack_featured_media_url":"https:\/\/i0.wp.com\/politicosaldesnudo.com.mx\/wp-content\/uploads\/2022\/05\/P-TUXPAN2-1.png?fit=1816%2C1016&ssl=1","jetpack-related-posts":[],"jetpack_sharing_enabled":true,"_links":{"self":[{"href":"https:\/\/politicosaldesnudo.com.mx\/index.php\/wp-json\/wp\/v2\/posts\/5151","targetHints":{"allow":["GET"]}}],"collection":[{"href":"https:\/\/politicosaldesnudo.com.mx\/index.php\/wp-json\/wp\/v2\/posts"}],"about":[{"href":"https:\/\/politicosaldesnudo.com.mx\/index.php\/wp-json\/wp\/v2\/types\/post"}],"author":[{"embeddable":true,"href":"https:\/\/politicosaldesnudo.com.mx\/index.php\/wp-json\/wp\/v2\/users\/4"}],"replies":[{"embeddable":true,"href":"https:\/\/politicosaldesnudo.com.mx\/index.php\/wp-json\/wp\/v2\/comments?post=5151"}],"version-history":[{"count":0,"href":"https:\/\/politicosaldesnudo.com.mx\/index.php\/wp-json\/wp\/v2\/posts\/5151\/revisions"}],"wp:featuredmedia":[{"embeddable":true,"href":"https:\/\/politicosaldesnudo.com.mx\/index.php\/wp-json\/wp\/v2\/media\/5153"}],"wp:attachment":[{"href":"https:\/\/politicosaldesnudo.com.mx\/index.php\/wp-json\/wp\/v2\/media?parent=5151"}],"wp:term":[{"taxonomy":"category","embeddable":true,"href":"https:\/\/politicosaldesnudo.com.mx\/index.php\/wp-json\/wp\/v2\/categories?post=5151"},{"taxonomy":"post_tag","embeddable":true,"href":"https:\/\/politicosaldesnudo.com.mx\/index.php\/wp-json\/wp\/v2\/tags?post=5151"}],"curies":[{"name":"wp","href":"https:\/\/api.w.org\/{rel}","templated":true}]}}