{"id":51562,"date":"2024-12-03T00:00:06","date_gmt":"2024-12-03T06:00:06","guid":{"rendered":"https:\/\/politicosaldesnudo.com.mx\/?p=51562"},"modified":"2024-12-02T21:01:30","modified_gmt":"2024-12-03T03:01:30","slug":"cancelan-caseta-del-puente-coatzacoalcos-i","status":"publish","type":"post","link":"https:\/\/politicosaldesnudo.com.mx\/index.php\/2024\/12\/03\/cancelan-caseta-del-puente-coatzacoalcos-i\/","title":{"rendered":"Cancelan caseta del Puente Coatzacoalcos I"},"content":{"rendered":"<p><span style=\"font-size: 14pt;\">Xalapa<\/span><\/p>\n<p><span style=\"font-size: 14pt;\">A partir de este lunes se cancela la caseta de cobro de Coatzacoalcos I, luego de que la gobernadora Roc\u00edo Nahle Garc\u00eda acordar\u00e1 con la presidenta de la Rep\u00fablica, Claudia Sheinbaum que el estado se har\u00e1 cargo del mantenimiento de dicho puente.<\/span><\/p>\n<p><span style=\"font-size: 14pt;\">En su mensaje en la Plaza Lerdo, donde se traslad\u00f3 tras tomar protesta constitucional en el Congreso del Estado, la gobernadora Roc\u00edo Nahle Garc\u00eda dio un mensaje a los veracruzanos, donde dio a conocer a detalle su plan de trabajo para los pr\u00f3ximos seis a\u00f1os.<\/span><\/p>\n<p><span style=\"font-size: 14pt;\">Entre las acciones inmediatas, dijo, \u201cel d\u00eda de ma\u00f1ana, tal como lo promet\u00ed, se cancela la caseta de cobro de Coatzacoalcos I, que despu\u00e9s de haber aportado recursos por m\u00e1s de 50 a\u00f1os, se cumple una sentida demanda por todos los ciudadanos de la zona sur de Veracruz\u201d. Indic\u00f3 que para llevar a cabo esto se revis\u00f3 meses atr\u00e1s la situaci\u00f3n de los cr\u00e9ditos que depend\u00edan de esta caseta con Banobras y Nafin para que estuvieran liquidados.<\/span><\/p>\n<p><span style=\"font-size: 14pt;\">\u201cSe firm\u00f3 un convenio con la secretaria de Infraestructura, Comunicaciones y Transportes del gobierno Federal, donde el gobierno del estado se hace responsable del mantenimiento y rehabilitaci\u00f3n del puente en forma permanente, por lo que se cancela cualquier concesi\u00f3n y absorbemos nuestra responsabilidad\u201d.<\/span><\/p>\n<p><span style=\"font-size: 14pt;\">Adem\u00e1s, dijo que se sumar\u00e1 a los trabajos que lleva a cabo la federaci\u00f3n con el llamado Bachet\u00f3n para la reparaci\u00f3n de la carpeta asf\u00e1ltica en el estado. Nahle Garc\u00eda adelant\u00f3 que presentar\u00e1n una iniciativa al Congreso del Estado para modificar la Ley Org\u00e1nica de la Administraci\u00f3n del Estado de Veracruz, a fin de que todas las dependencias, donde actualmente se realizan obras de construcci\u00f3n, se centralicen los recursos y licitaciones en la Secretar\u00edas de Infraestructura y Obras P\u00fablicas. \u201cCon ello vamos a eficiente, aprovechar y transparentar de mejor manera los recursos para atender escuelas, programas de vivienda, hospitales y caminos\u201d.<\/span><\/p>\n","protected":false},"excerpt":{"rendered":"<p>Xalapa A partir de este lunes se cancela la caseta de cobro de Coatzacoalcos I, luego de que la gobernadora<\/p>\n","protected":false},"author":4,"featured_media":51563,"comment_status":"closed","ping_status":"closed","sticky":false,"template":"","format":"standard","meta":{"colormag_page_container_layout":"default_layout","colormag_page_sidebar_layout":"default_layout","_jetpack_memberships_contains_paid_content":false,"footnotes":"","jetpack_publicize_message":"","jetpack_publicize_feature_enabled":true,"jetpack_social_post_already_shared":false,"jetpack_social_options":{"image_generator_settings":{"template":"highway","default_image_id":0,"font":"","enabled":false},"version":2}},"categories":[1082],"tags":[],"class_list":["post-51562","post","type-post","status-publish","format-standard","has-post-thumbnail","hentry","category-tuxpan"],"jetpack_publicize_connections":[],"jetpack_featured_media_url":"https:\/\/i0.wp.com\/politicosaldesnudo.com.mx\/wp-content\/uploads\/2024\/12\/10c.jpg?fit=512%2C341&ssl=1","jetpack-related-posts":[],"jetpack_sharing_enabled":true,"_links":{"self":[{"href":"https:\/\/politicosaldesnudo.com.mx\/index.php\/wp-json\/wp\/v2\/posts\/51562","targetHints":{"allow":["GET"]}}],"collection":[{"href":"https:\/\/politicosaldesnudo.com.mx\/index.php\/wp-json\/wp\/v2\/posts"}],"about":[{"href":"https:\/\/politicosaldesnudo.com.mx\/index.php\/wp-json\/wp\/v2\/types\/post"}],"author":[{"embeddable":true,"href":"https:\/\/politicosaldesnudo.com.mx\/index.php\/wp-json\/wp\/v2\/users\/4"}],"replies":[{"embeddable":true,"href":"https:\/\/politicosaldesnudo.com.mx\/index.php\/wp-json\/wp\/v2\/comments?post=51562"}],"version-history":[{"count":0,"href":"https:\/\/politicosaldesnudo.com.mx\/index.php\/wp-json\/wp\/v2\/posts\/51562\/revisions"}],"wp:featuredmedia":[{"embeddable":true,"href":"https:\/\/politicosaldesnudo.com.mx\/index.php\/wp-json\/wp\/v2\/media\/51563"}],"wp:attachment":[{"href":"https:\/\/politicosaldesnudo.com.mx\/index.php\/wp-json\/wp\/v2\/media?parent=51562"}],"wp:term":[{"taxonomy":"category","embeddable":true,"href":"https:\/\/politicosaldesnudo.com.mx\/index.php\/wp-json\/wp\/v2\/categories?post=51562"},{"taxonomy":"post_tag","embeddable":true,"href":"https:\/\/politicosaldesnudo.com.mx\/index.php\/wp-json\/wp\/v2\/tags?post=51562"}],"curies":[{"name":"wp","href":"https:\/\/api.w.org\/{rel}","templated":true}]}}