{"id":51568,"date":"2024-12-03T00:02:43","date_gmt":"2024-12-03T06:02:43","guid":{"rendered":"https:\/\/politicosaldesnudo.com.mx\/?p=51568"},"modified":"2024-12-02T21:04:43","modified_gmt":"2024-12-03T03:04:43","slug":"asiste-claudia-a-toma-de-protesta-de-nahle","status":"publish","type":"post","link":"https:\/\/politicosaldesnudo.com.mx\/index.php\/2024\/12\/03\/asiste-claudia-a-toma-de-protesta-de-nahle\/","title":{"rendered":"Asiste Claudia a toma de protesta de Nahle"},"content":{"rendered":"<p><span style=\"font-size: 14pt;\">Xalapa<\/span><\/p>\n<p><span style=\"font-size: 14pt;\">La Presidenta de M\u00e9xico, Claudia Sheinbaum Pardo, asisti\u00f3 a la sesi\u00f3n solemne del Congreso del estado de Veracruz de Ignacio de la Llave en la que Roc\u00edo Nahle Garc\u00eda tom\u00f3 protesta como gobernadora constitucional de dicha entidad.<\/span><\/p>\n<p><span style=\"font-size: 14pt;\">\u201cFelicidades a @rocionahle (Roc\u00edo Nahle) que inicia hoy su mandato como gobernadora constitucional del estado de Veracruz\u201d, public\u00f3 en su cuenta de X.<\/span><\/p>\n<p><span style=\"font-size: 14pt;\">En el Congreso del estado presenci\u00f3 el mensaje de la primera mujer al frente del Ejecutivo local, quien asegur\u00f3 que durante su mandato gobernar\u00e1 al pueblo veracruzano bajo los principios de la Cuarta Transformaci\u00f3n de la vida p\u00fablica de M\u00e9xico.<\/span><\/p>\n","protected":false},"excerpt":{"rendered":"<p>Xalapa La Presidenta de M\u00e9xico, Claudia Sheinbaum Pardo, asisti\u00f3 a la sesi\u00f3n solemne del Congreso del estado de Veracruz de<\/p>\n","protected":false},"author":4,"featured_media":51569,"comment_status":"closed","ping_status":"closed","sticky":false,"template":"","format":"standard","meta":{"colormag_page_container_layout":"default_layout","colormag_page_sidebar_layout":"default_layout","_jetpack_memberships_contains_paid_content":false,"footnotes":"","jetpack_publicize_message":"","jetpack_publicize_feature_enabled":true,"jetpack_social_post_already_shared":false,"jetpack_social_options":{"image_generator_settings":{"template":"highway","default_image_id":0,"font":"","enabled":false},"version":2}},"categories":[1082],"tags":[],"class_list":["post-51568","post","type-post","status-publish","format-standard","has-post-thumbnail","hentry","category-tuxpan"],"jetpack_publicize_connections":[],"jetpack_featured_media_url":"https:\/\/i0.wp.com\/politicosaldesnudo.com.mx\/wp-content\/uploads\/2024\/12\/2a.jpg?fit=1200%2C800&ssl=1","jetpack-related-posts":[],"jetpack_sharing_enabled":true,"_links":{"self":[{"href":"https:\/\/politicosaldesnudo.com.mx\/index.php\/wp-json\/wp\/v2\/posts\/51568","targetHints":{"allow":["GET"]}}],"collection":[{"href":"https:\/\/politicosaldesnudo.com.mx\/index.php\/wp-json\/wp\/v2\/posts"}],"about":[{"href":"https:\/\/politicosaldesnudo.com.mx\/index.php\/wp-json\/wp\/v2\/types\/post"}],"author":[{"embeddable":true,"href":"https:\/\/politicosaldesnudo.com.mx\/index.php\/wp-json\/wp\/v2\/users\/4"}],"replies":[{"embeddable":true,"href":"https:\/\/politicosaldesnudo.com.mx\/index.php\/wp-json\/wp\/v2\/comments?post=51568"}],"version-history":[{"count":0,"href":"https:\/\/politicosaldesnudo.com.mx\/index.php\/wp-json\/wp\/v2\/posts\/51568\/revisions"}],"wp:featuredmedia":[{"embeddable":true,"href":"https:\/\/politicosaldesnudo.com.mx\/index.php\/wp-json\/wp\/v2\/media\/51569"}],"wp:attachment":[{"href":"https:\/\/politicosaldesnudo.com.mx\/index.php\/wp-json\/wp\/v2\/media?parent=51568"}],"wp:term":[{"taxonomy":"category","embeddable":true,"href":"https:\/\/politicosaldesnudo.com.mx\/index.php\/wp-json\/wp\/v2\/categories?post=51568"},{"taxonomy":"post_tag","embeddable":true,"href":"https:\/\/politicosaldesnudo.com.mx\/index.php\/wp-json\/wp\/v2\/tags?post=51568"}],"curies":[{"name":"wp","href":"https:\/\/api.w.org\/{rel}","templated":true}]}}