{"id":51586,"date":"2024-12-04T00:05:34","date_gmt":"2024-12-04T06:05:34","guid":{"rendered":"https:\/\/politicosaldesnudo.com.mx\/?p=51586"},"modified":"2024-12-03T13:20:56","modified_gmt":"2024-12-03T19:20:56","slug":"zacatecas-septimo-lugar-nacional-en-generacion-de-empleo","status":"publish","type":"post","link":"https:\/\/politicosaldesnudo.com.mx\/index.php\/2024\/12\/04\/zacatecas-septimo-lugar-nacional-en-generacion-de-empleo\/","title":{"rendered":"Zacatecas, s\u00e9ptimo lugar nacional en generaci\u00f3n de empleo"},"content":{"rendered":"<p><span style=\"font-size: 14pt;\">Seg\u00fan la\u00a0Encuesta Nacional de Ocupaci\u00f3n y Empleo\u00a0(ENOE), publicada por el Instituto Nacional de Estad\u00edstica y Geograf\u00eda (INEGI), durante el tercer trimestre del 2024,\u00a0Zacatecas\u00a0registr\u00f3 un notable crecimiento de 15,754 personas ocupadas, en comparaci\u00f3n con el segundo trimestre de este mismo a\u00f1o.<\/span><\/p>\n<p><span style=\"font-size: 14pt;\">Este desempe\u00f1o coloca a la entidad en la posici\u00f3n n\u00famero siete a nivel nacional, en t\u00e9rminos de mayor incremento trimestral de personas ocupadas, al alcanzar un total de 689,553 personas ocupadas, lo que representa un aumento de 2.3% en el periodo reportado. Con estas cifras positivas, se ligan tres trimestres consecutivos con aumento en la poblaci\u00f3n ocupada en la entidad.<\/span><\/p>\n","protected":false},"excerpt":{"rendered":"<p>Seg\u00fan la\u00a0Encuesta Nacional de Ocupaci\u00f3n y Empleo\u00a0(ENOE), publicada por el Instituto Nacional de Estad\u00edstica y Geograf\u00eda (INEGI), durante el tercer<\/p>\n","protected":false},"author":4,"featured_media":51587,"comment_status":"closed","ping_status":"closed","sticky":false,"template":"","format":"standard","meta":{"colormag_page_container_layout":"default_layout","colormag_page_sidebar_layout":"default_layout","_jetpack_memberships_contains_paid_content":false,"footnotes":"","jetpack_publicize_message":"","jetpack_publicize_feature_enabled":true,"jetpack_social_post_already_shared":false,"jetpack_social_options":{"image_generator_settings":{"template":"highway","default_image_id":0,"font":"","enabled":false},"version":2}},"categories":[30],"tags":[],"class_list":["post-51586","post","type-post","status-publish","format-standard","has-post-thumbnail","hentry","category-estados"],"jetpack_publicize_connections":[],"jetpack_featured_media_url":"https:\/\/i0.wp.com\/politicosaldesnudo.com.mx\/wp-content\/uploads\/2024\/12\/6728ef5cb25e9.jpeg?fit=1280%2C720&ssl=1","jetpack-related-posts":[],"jetpack_sharing_enabled":true,"_links":{"self":[{"href":"https:\/\/politicosaldesnudo.com.mx\/index.php\/wp-json\/wp\/v2\/posts\/51586","targetHints":{"allow":["GET"]}}],"collection":[{"href":"https:\/\/politicosaldesnudo.com.mx\/index.php\/wp-json\/wp\/v2\/posts"}],"about":[{"href":"https:\/\/politicosaldesnudo.com.mx\/index.php\/wp-json\/wp\/v2\/types\/post"}],"author":[{"embeddable":true,"href":"https:\/\/politicosaldesnudo.com.mx\/index.php\/wp-json\/wp\/v2\/users\/4"}],"replies":[{"embeddable":true,"href":"https:\/\/politicosaldesnudo.com.mx\/index.php\/wp-json\/wp\/v2\/comments?post=51586"}],"version-history":[{"count":0,"href":"https:\/\/politicosaldesnudo.com.mx\/index.php\/wp-json\/wp\/v2\/posts\/51586\/revisions"}],"wp:featuredmedia":[{"embeddable":true,"href":"https:\/\/politicosaldesnudo.com.mx\/index.php\/wp-json\/wp\/v2\/media\/51587"}],"wp:attachment":[{"href":"https:\/\/politicosaldesnudo.com.mx\/index.php\/wp-json\/wp\/v2\/media?parent=51586"}],"wp:term":[{"taxonomy":"category","embeddable":true,"href":"https:\/\/politicosaldesnudo.com.mx\/index.php\/wp-json\/wp\/v2\/categories?post=51586"},{"taxonomy":"post_tag","embeddable":true,"href":"https:\/\/politicosaldesnudo.com.mx\/index.php\/wp-json\/wp\/v2\/tags?post=51586"}],"curies":[{"name":"wp","href":"https:\/\/api.w.org\/{rel}","templated":true}]}}