{"id":51631,"date":"2024-12-04T00:02:06","date_gmt":"2024-12-04T06:02:06","guid":{"rendered":"https:\/\/politicosaldesnudo.com.mx\/?p=51631"},"modified":"2024-12-03T18:12:16","modified_gmt":"2024-12-04T00:12:16","slug":"se-celebrara-el-dia-del-nino-perdido-con-un-gran-programa-artistico-y-cultural","status":"publish","type":"post","link":"https:\/\/politicosaldesnudo.com.mx\/index.php\/2024\/12\/04\/se-celebrara-el-dia-del-nino-perdido-con-un-gran-programa-artistico-y-cultural\/","title":{"rendered":"Se celebrar\u00e1 el D\u00eda del Ni\u00f1o Perdido con un gran programa art\u00edstico y cultural"},"content":{"rendered":"<p><img data-recalc-dims=\"1\" loading=\"lazy\" decoding=\"async\" class=\"aligncenter size-large wp-image-51632\" src=\"https:\/\/i0.wp.com\/politicosaldesnudo.com.mx\/wp-content\/uploads\/2024\/12\/3b479263-6088-4b39-9064-1f93fb3aa762-661x1024.jpg?resize=661%2C1024&#038;ssl=1\" alt=\"\" width=\"661\" height=\"1024\" srcset=\"https:\/\/i0.wp.com\/politicosaldesnudo.com.mx\/wp-content\/uploads\/2024\/12\/3b479263-6088-4b39-9064-1f93fb3aa762.jpg?resize=661%2C1024&amp;ssl=1 661w, https:\/\/i0.wp.com\/politicosaldesnudo.com.mx\/wp-content\/uploads\/2024\/12\/3b479263-6088-4b39-9064-1f93fb3aa762.jpg?resize=194%2C300&amp;ssl=1 194w, https:\/\/i0.wp.com\/politicosaldesnudo.com.mx\/wp-content\/uploads\/2024\/12\/3b479263-6088-4b39-9064-1f93fb3aa762.jpg?resize=768%2C1190&amp;ssl=1 768w, https:\/\/i0.wp.com\/politicosaldesnudo.com.mx\/wp-content\/uploads\/2024\/12\/3b479263-6088-4b39-9064-1f93fb3aa762.jpg?resize=992%2C1536&amp;ssl=1 992w, https:\/\/i0.wp.com\/politicosaldesnudo.com.mx\/wp-content\/uploads\/2024\/12\/3b479263-6088-4b39-9064-1f93fb3aa762.jpg?w=1033&amp;ssl=1 1033w\" sizes=\"auto, (max-width: 661px) 100vw, 661px\" \/><\/p>\n<p><span style=\"font-size: 14pt;\">El gobierno de Tuxpan invita a la ciudadan\u00eda a celebrar el D\u00eda del Ni\u00f1o Perdido, con un gran programa art\u00edstico y cultural.<\/span><\/p>\n<p><span style=\"font-size: 14pt;\">Las actividades inician el viernes 6 de diciembre, a las 14:00 horas, con la expo-arte que se realizar\u00e1 en la calle M\u00e9dico Militar, donde participar\u00e1n artesanas de las Huastecas Alta y Baja y del Totonacapan.<\/span><\/p>\n<p><span style=\"font-size: 14pt;\">Se exhibir\u00e1n y pondr\u00e1n en venta artesan\u00edas originarias del norte del estado, textiles bordados, productos y bisuter\u00eda elaborados de palma y de piel, alfarer\u00eda, vainilla y sus derivados, canela, pimienta y caf\u00e9, entre muchos otros.<\/span><\/p>\n<p><span style=\"font-size: 14pt;\">El s\u00e1bado 7 de diciembre, a las 19:15 horas a un costado de la plaza c\u00edvica (calle Garizurieta, entre bulevar Jes\u00fas Reyes Heroles y Av. Ju\u00e1rez), no te pierdas el tradicional Concurso de Carritos, en el que se premiar\u00e1 con dinero en efectivo a los ganadores.<\/span><\/p>\n<p><span style=\"font-size: 14pt;\">A partir de las 8:00 de la noche los asistentes podr\u00e1n disfrutar de presentaciones musicales y culturales.<\/span><\/p>\n<p><span style=\"font-size: 14pt;\">Durante la celebraci\u00f3n de esta hermosa tradici\u00f3n tambi\u00e9n se llevar\u00e1 a cabo la lectura del pasaje b\u00edblico alusivo a esta festividad, un recorrido de carritos y el encendido de velitas, con lo que lograremos que una vez m\u00e1s Tuxpan ilumine a M\u00e9xico y al mundo.<\/span><\/p>\n","protected":false},"excerpt":{"rendered":"<p>El gobierno de Tuxpan invita a la ciudadan\u00eda a celebrar el D\u00eda del Ni\u00f1o Perdido, con un gran programa art\u00edstico<\/p>\n","protected":false},"author":4,"featured_media":51633,"comment_status":"closed","ping_status":"closed","sticky":false,"template":"","format":"standard","meta":{"colormag_page_container_layout":"default_layout","colormag_page_sidebar_layout":"default_layout","_jetpack_memberships_contains_paid_content":false,"footnotes":"","jetpack_publicize_message":"","jetpack_publicize_feature_enabled":true,"jetpack_social_post_already_shared":false,"jetpack_social_options":{"image_generator_settings":{"template":"highway","default_image_id":0,"font":"","enabled":false},"version":2}},"categories":[3205,1082],"tags":[],"class_list":["post-51631","post","type-post","status-publish","format-standard","has-post-thumbnail","hentry","category-gobierno-tuxpan","category-tuxpan"],"jetpack_publicize_connections":[],"jetpack_featured_media_url":"https:\/\/i0.wp.com\/politicosaldesnudo.com.mx\/wp-content\/uploads\/2024\/12\/32ae1265-ad26-4bdd-858a-f9cd1b043a68.jpg?fit=1033%2C1600&ssl=1","jetpack-related-posts":[],"jetpack_sharing_enabled":true,"_links":{"self":[{"href":"https:\/\/politicosaldesnudo.com.mx\/index.php\/wp-json\/wp\/v2\/posts\/51631","targetHints":{"allow":["GET"]}}],"collection":[{"href":"https:\/\/politicosaldesnudo.com.mx\/index.php\/wp-json\/wp\/v2\/posts"}],"about":[{"href":"https:\/\/politicosaldesnudo.com.mx\/index.php\/wp-json\/wp\/v2\/types\/post"}],"author":[{"embeddable":true,"href":"https:\/\/politicosaldesnudo.com.mx\/index.php\/wp-json\/wp\/v2\/users\/4"}],"replies":[{"embeddable":true,"href":"https:\/\/politicosaldesnudo.com.mx\/index.php\/wp-json\/wp\/v2\/comments?post=51631"}],"version-history":[{"count":0,"href":"https:\/\/politicosaldesnudo.com.mx\/index.php\/wp-json\/wp\/v2\/posts\/51631\/revisions"}],"wp:featuredmedia":[{"embeddable":true,"href":"https:\/\/politicosaldesnudo.com.mx\/index.php\/wp-json\/wp\/v2\/media\/51633"}],"wp:attachment":[{"href":"https:\/\/politicosaldesnudo.com.mx\/index.php\/wp-json\/wp\/v2\/media?parent=51631"}],"wp:term":[{"taxonomy":"category","embeddable":true,"href":"https:\/\/politicosaldesnudo.com.mx\/index.php\/wp-json\/wp\/v2\/categories?post=51631"},{"taxonomy":"post_tag","embeddable":true,"href":"https:\/\/politicosaldesnudo.com.mx\/index.php\/wp-json\/wp\/v2\/tags?post=51631"}],"curies":[{"name":"wp","href":"https:\/\/api.w.org\/{rel}","templated":true}]}}