{"id":51635,"date":"2024-12-04T00:03:26","date_gmt":"2024-12-04T06:03:26","guid":{"rendered":"https:\/\/politicosaldesnudo.com.mx\/?p=51635"},"modified":"2024-12-03T18:13:35","modified_gmt":"2024-12-04T00:13:35","slug":"sigue-la-promocion-turistica-del-municipio","status":"publish","type":"post","link":"https:\/\/politicosaldesnudo.com.mx\/index.php\/2024\/12\/04\/sigue-la-promocion-turistica-del-municipio\/","title":{"rendered":"Sigue la promoci\u00f3n tur\u00edstica del municipio"},"content":{"rendered":"<p><span style=\"font-size: 14pt;\">Jos\u00e9 \u00c1ngel Pineda, vicepresidente de la Asociaci\u00f3n Mexicana de Agentes de Viajes en Veracruz, subray\u00f3 la importancia de una colaboraci\u00f3n efectiva entre autoridades, empresarios y prestadores de servicios tur\u00edsticos para fortalecer los atractivos de Tuxpan y consolidarlo como un destino competitivo.<\/span><\/p>\n<p><span style=\"font-size: 14pt;\">\u201cActualmente, Tuxpan es reconocido principalmente como un destino de sol y playa, pero contamos con una gran variedad de productos tur\u00edsticos que necesitan atenci\u00f3n y promoci\u00f3n, como nuestra imagen urbana, eventos culturales y \u00e1reas naturales\u201d, expres\u00f3 Pineda.<\/span><\/p>\n<p><span style=\"font-size: 14pt;\">Entre los eventos destacados, mencion\u00f3 las concentraciones de motociclistas, las festividades de D\u00eda de Muertos, y las temporadas altas de Semana Santa y verano, los cuales generan una importante derrama econ\u00f3mica. Tambi\u00e9n enfatiz\u00f3 la necesidad de preservar espacios naturales como el r\u00edo Tuxpan, los manglares y la reserva ecol\u00f3gica de San Basilio, as\u00ed como sitios emblem\u00e1ticos como el Foco Tonal.<\/span><\/p>\n<p><span style=\"font-size: 14pt;\">\u201cEl mantenimiento de estas \u00e1reas no puede recaer \u00fanicamente en el gobierno municipal. Es indispensable que los empresarios y la comunidad colaboren activamente, mientras el municipio apoya con mejoras en accesos y servicios\u201d, destac\u00f3 el vicepresidente.<\/span><\/p>\n<p><span style=\"font-size: 14pt;\">Pineda se\u00f1al\u00f3 que se han realizado reuniones entre la Direcci\u00f3n de Turismo y distintas asociaciones para planificar acciones conjuntas que conserven y potencien los productos tur\u00edsticos existentes. \u201cNuestra meta es diversificar las opciones que ofrecemos a los visitantes y posicionar a Tuxpan como un destino atractivo y competitivo, no solo por sus playas, sino por su riqueza cultural y natural\u201d, coment\u00f3.<\/span><\/p>\n","protected":false},"excerpt":{"rendered":"<p>Jos\u00e9 \u00c1ngel Pineda, vicepresidente de la Asociaci\u00f3n Mexicana de Agentes de Viajes en Veracruz, subray\u00f3 la importancia de una colaboraci\u00f3n<\/p>\n","protected":false},"author":4,"featured_media":51636,"comment_status":"closed","ping_status":"closed","sticky":false,"template":"","format":"standard","meta":{"colormag_page_container_layout":"default_layout","colormag_page_sidebar_layout":"default_layout","_jetpack_memberships_contains_paid_content":false,"footnotes":"","jetpack_publicize_message":"","jetpack_publicize_feature_enabled":true,"jetpack_social_post_already_shared":false,"jetpack_social_options":{"image_generator_settings":{"template":"highway","default_image_id":0,"font":"","enabled":false},"version":2}},"categories":[1082],"tags":[],"class_list":["post-51635","post","type-post","status-publish","format-standard","has-post-thumbnail","hentry","category-tuxpan"],"jetpack_publicize_connections":[],"jetpack_featured_media_url":"https:\/\/i0.wp.com\/politicosaldesnudo.com.mx\/wp-content\/uploads\/2024\/12\/5c.jpg?fit=1200%2C798&ssl=1","jetpack-related-posts":[],"jetpack_sharing_enabled":true,"_links":{"self":[{"href":"https:\/\/politicosaldesnudo.com.mx\/index.php\/wp-json\/wp\/v2\/posts\/51635","targetHints":{"allow":["GET"]}}],"collection":[{"href":"https:\/\/politicosaldesnudo.com.mx\/index.php\/wp-json\/wp\/v2\/posts"}],"about":[{"href":"https:\/\/politicosaldesnudo.com.mx\/index.php\/wp-json\/wp\/v2\/types\/post"}],"author":[{"embeddable":true,"href":"https:\/\/politicosaldesnudo.com.mx\/index.php\/wp-json\/wp\/v2\/users\/4"}],"replies":[{"embeddable":true,"href":"https:\/\/politicosaldesnudo.com.mx\/index.php\/wp-json\/wp\/v2\/comments?post=51635"}],"version-history":[{"count":0,"href":"https:\/\/politicosaldesnudo.com.mx\/index.php\/wp-json\/wp\/v2\/posts\/51635\/revisions"}],"wp:featuredmedia":[{"embeddable":true,"href":"https:\/\/politicosaldesnudo.com.mx\/index.php\/wp-json\/wp\/v2\/media\/51636"}],"wp:attachment":[{"href":"https:\/\/politicosaldesnudo.com.mx\/index.php\/wp-json\/wp\/v2\/media?parent=51635"}],"wp:term":[{"taxonomy":"category","embeddable":true,"href":"https:\/\/politicosaldesnudo.com.mx\/index.php\/wp-json\/wp\/v2\/categories?post=51635"},{"taxonomy":"post_tag","embeddable":true,"href":"https:\/\/politicosaldesnudo.com.mx\/index.php\/wp-json\/wp\/v2\/tags?post=51635"}],"curies":[{"name":"wp","href":"https:\/\/api.w.org\/{rel}","templated":true}]}}