{"id":51648,"date":"2024-12-04T10:26:20","date_gmt":"2024-12-04T16:26:20","guid":{"rendered":"https:\/\/politicosaldesnudo.com.mx\/?p=51648"},"modified":"2024-12-04T10:26:20","modified_gmt":"2024-12-04T16:26:20","slug":"claudia-sheinbaum-y-ken-salazar","status":"publish","type":"post","link":"https:\/\/politicosaldesnudo.com.mx\/index.php\/2024\/12\/04\/claudia-sheinbaum-y-ken-salazar\/","title":{"rendered":"CLAUDIA SHEINBAUM Y KEN SALAZAR"},"content":{"rendered":"<p><span style=\"font-size: 14pt;\">Bien porque dada la gravedad de los acontecimientos que marcaron el paso de los sexenios del neoliberalismo y de Andr\u00e9s Manuel L\u00f3pez Obrador\u00a0 centraran la diligencia de la abogac\u00eda independiente de la Naci\u00f3n hacia el tema de la narco-pol\u00edtica, bien por el hecho de que el Embajador de los Estados Unidos de Norteam\u00e9rica en M\u00e9xico se encuentre en espera que la gobernanza de la Dra. Claudia Sheinbaum Pardo enfrente ese problema; hasta la fecha no se tiene noticia de que la Fiscal\u00eda General de la Rep\u00fablica denote una acci\u00f3n inmediata.<\/span><\/p>\n<p><span style=\"font-size: 14pt;\">Hay agravios jur\u00eddico-pol\u00edticos que no deben, ni tienen que ser desatendidos, mucho menos ignorados por la Primera Magistrada de la Naci\u00f3n. Buena parte de la corrupci\u00f3n propiciada por la narco-pol\u00edtica se ha puesto al descubierto en los sexenios que han precedido al mandato de la Dra. Claudia Sheinbaum Pardo y los cuales provienen de la inaplicabilidad de la \u00e9tica en los entornos de la pol\u00edtica y la justicia.<\/span><\/p>\n<p><span style=\"font-size: 14pt;\">Con motivo de lo expuesto en p\u00e1rrafos de antecedentes resulta doblemente criminal que aquel grupo de intereses que pretendieron conservar el poder, hayan insertado la corrupci\u00f3n en el medio en que se entrelazan las l\u00edneas de la justicia y de la pol\u00edtica.<\/span><\/p>\n<p><span style=\"font-size: 14pt;\">La etapa actual que viven tanto M\u00e9xico como los Estados Unidos de Norteam\u00e9rica en el \u00e1mbito jur\u00eddico-pol\u00edtico, exige un cambio de actitud en la materia relacionada con la pol\u00edtica de impunidad, drogas y justicia, todas ellas coherentes y relativas al hecho de que a partir del d\u00eda de hoy la Presidenta Constitucional de los Estados Unidos Mexicanos aplique de manera irrestricta la Ley.<\/span><\/p>\n<p><span style=\"font-size: 14pt;\">En palabras de la Academia de Derecho Penal del Colegio Nacional de Abogados Foro de M\u00e9xico, no tiene cabida ni la impunidad ni la corrupci\u00f3n en la manera de pensar de los referidos personajes de \u00edndole pol\u00edtico.<\/span><\/p>\n<p><span style=\"font-size: 14pt;\">Aqu\u00ed y ahora valdr\u00eda la pena traer a colaci\u00f3n la aplicaci\u00f3n del C\u00f3digo Penal Federal, ligado con los pensamientos tanto de Claudia Sheinbaum Pardo, como de Ken Salazar y encadenarlos con el de aquel orgulloso oaxaque\u00f1o que siendo Ministro de la Suprema Corte de Justicia de la Naci\u00f3n expreso: \u2018\u2018nosotros venimos a aplicar la Ley, no somos ricos, ni podemos serlo, por qu\u00e9 no robamos ni claudicamos: nuestra misi\u00f3n es manejar intachablemente el contenido de la Ley\u2019\u2019.<\/span><\/p>\n<p><span style=\"font-size: 14pt;\">En el M\u00e9xico nuevo que todos debemos y queremos vislumbrar ya no hay cabida para la \u2018\u2019moral\u2019\u2019 de la narco-pol\u00edtica.<\/span><\/p>\n<p><span style=\"font-size: 14pt;\">Aplicando la ley \u00bfPodr\u00e1 Claudia Sheinbaum Pardo y Ken Salazar unificar su forma de pensar para lograr el bienestar de la relaci\u00f3n entre las dos hermanas naciones?<\/span><\/p>\n<p>&nbsp;<\/p>\n<p>&nbsp;<\/p>\n<p><span style=\"font-size: 14pt;\">\u00a0Es cuanto<\/span><\/p>\n<p><span style=\"font-size: 14pt;\">Lic. Alberto Woolrich Ort\u00edz.<\/span><\/p>\n","protected":false},"excerpt":{"rendered":"<p>Bien porque dada la gravedad de los acontecimientos que marcaron el paso de los sexenios del neoliberalismo y de Andr\u00e9s<\/p>\n","protected":false},"author":4,"featured_media":45106,"comment_status":"closed","ping_status":"closed","sticky":false,"template":"","format":"standard","meta":{"colormag_page_container_layout":"default_layout","colormag_page_sidebar_layout":"default_layout","_jetpack_memberships_contains_paid_content":false,"footnotes":"","jetpack_publicize_message":"","jetpack_publicize_feature_enabled":true,"jetpack_social_post_already_shared":false,"jetpack_social_options":{"image_generator_settings":{"template":"highway","default_image_id":0,"font":"","enabled":false},"version":2}},"categories":[26],"tags":[],"class_list":["post-51648","post","type-post","status-publish","format-standard","has-post-thumbnail","hentry","category-columnistas"],"jetpack_publicize_connections":[],"jetpack_featured_media_url":"https:\/\/i0.wp.com\/politicosaldesnudo.com.mx\/wp-content\/uploads\/2024\/08\/WOODLRICH.jpg?fit=800%2C445&ssl=1","jetpack-related-posts":[],"jetpack_sharing_enabled":true,"_links":{"self":[{"href":"https:\/\/politicosaldesnudo.com.mx\/index.php\/wp-json\/wp\/v2\/posts\/51648","targetHints":{"allow":["GET"]}}],"collection":[{"href":"https:\/\/politicosaldesnudo.com.mx\/index.php\/wp-json\/wp\/v2\/posts"}],"about":[{"href":"https:\/\/politicosaldesnudo.com.mx\/index.php\/wp-json\/wp\/v2\/types\/post"}],"author":[{"embeddable":true,"href":"https:\/\/politicosaldesnudo.com.mx\/index.php\/wp-json\/wp\/v2\/users\/4"}],"replies":[{"embeddable":true,"href":"https:\/\/politicosaldesnudo.com.mx\/index.php\/wp-json\/wp\/v2\/comments?post=51648"}],"version-history":[{"count":0,"href":"https:\/\/politicosaldesnudo.com.mx\/index.php\/wp-json\/wp\/v2\/posts\/51648\/revisions"}],"wp:featuredmedia":[{"embeddable":true,"href":"https:\/\/politicosaldesnudo.com.mx\/index.php\/wp-json\/wp\/v2\/media\/45106"}],"wp:attachment":[{"href":"https:\/\/politicosaldesnudo.com.mx\/index.php\/wp-json\/wp\/v2\/media?parent=51648"}],"wp:term":[{"taxonomy":"category","embeddable":true,"href":"https:\/\/politicosaldesnudo.com.mx\/index.php\/wp-json\/wp\/v2\/categories?post=51648"},{"taxonomy":"post_tag","embeddable":true,"href":"https:\/\/politicosaldesnudo.com.mx\/index.php\/wp-json\/wp\/v2\/tags?post=51648"}],"curies":[{"name":"wp","href":"https:\/\/api.w.org\/{rel}","templated":true}]}}