{"id":51680,"date":"2024-12-05T00:11:29","date_gmt":"2024-12-05T06:11:29","guid":{"rendered":"https:\/\/politicosaldesnudo.com.mx\/?p=51680"},"modified":"2024-12-04T18:38:05","modified_gmt":"2024-12-05T00:38:05","slug":"blinken-afirma-que-el-alto-el-fuego-en-libano-se-mantiene","status":"publish","type":"post","link":"https:\/\/politicosaldesnudo.com.mx\/index.php\/2024\/12\/05\/blinken-afirma-que-el-alto-el-fuego-en-libano-se-mantiene\/","title":{"rendered":"Blinken afirma que el alto el fuego en L\u00edbano se mantiene"},"content":{"rendered":"<p><span style=\"font-size: 14pt;\">El\u00a0jefe de la diplomacia de Estados Unidos, Antony Blinken, afirm\u00f3 este mi\u00e9rcoles que el\u00a0alto al fuego en L\u00edbano\u00a0\u00abse mantiene\u00bb, y asegur\u00f3 que el mecanismo de vigilancia establecido funciona tal como hab\u00eda sido previsto.<\/span><\/p>\n<p><span style=\"font-size: 14pt;\">\u00abEl alto el fuego se mantiene, y estamos utilizando el mecanismo que se estableci\u00f3 cuando surgieron inquietudes sobre alguna supuesta violaci\u00f3n\u00bb, dijo Blinken al fin de una reuni\u00f3n de ministros de Relaciones Exteriores de la OTAN.<\/span><\/p>\n<p><span style=\"font-size: 14pt;\">\u00abCreo que, fundamentalmente, las dos partes, Israel y Hezbol\u00e1, a trav\u00e9s del gobierno liban\u00e9s, quieren el alto al fuego\u00bb, agreg\u00f3 el jefe de la diplomacia estadounidense.<\/span><\/p>\n<p><span style=\"font-size: 14pt;\">En opini\u00f3n de Blinken,\u00a0\u00abcualquier cese del fuego, si es que se va a respetar, precisa que se establezca alg\u00fan sistema para verificar y gestionar las preocupaciones o los alegatos sobre violaciones\u00bb.<\/span><\/p>\n<p><span style=\"font-size: 14pt;\">En este sentido, agreg\u00f3, el mecanismo establecido junto con Francia est\u00e1 funcionando.<\/span><\/p>\n<p><span style=\"font-size: 14pt;\">\u00abCon Francia, tenemos un mecanismo de supervisi\u00f3n. Si hay preocupaciones de una u otra parte sobre violaciones, vienen a nosotros, y en una forma u otra nosotros contactamos a las partes. Esto es exactamente lo que ha ocurrido\u00bb, coment\u00f3.<\/span><\/p>\n","protected":false},"excerpt":{"rendered":"<p>El\u00a0jefe de la diplomacia de Estados Unidos, Antony Blinken, afirm\u00f3 este mi\u00e9rcoles que el\u00a0alto al fuego en L\u00edbano\u00a0\u00abse mantiene\u00bb, y<\/p>\n","protected":false},"author":4,"featured_media":51681,"comment_status":"closed","ping_status":"closed","sticky":false,"template":"","format":"standard","meta":{"colormag_page_container_layout":"default_layout","colormag_page_sidebar_layout":"default_layout","_jetpack_memberships_contains_paid_content":false,"footnotes":"","jetpack_publicize_message":"","jetpack_publicize_feature_enabled":true,"jetpack_social_post_already_shared":false,"jetpack_social_options":{"image_generator_settings":{"template":"highway","default_image_id":0,"font":"","enabled":false},"version":2}},"categories":[28],"tags":[],"class_list":["post-51680","post","type-post","status-publish","format-standard","has-post-thumbnail","hentry","category-internacional"],"jetpack_publicize_connections":[],"jetpack_featured_media_url":"https:\/\/i0.wp.com\/politicosaldesnudo.com.mx\/wp-content\/uploads\/2024\/12\/Ucrania-7.jpg?fit=768%2C479&ssl=1","jetpack-related-posts":[],"jetpack_sharing_enabled":true,"_links":{"self":[{"href":"https:\/\/politicosaldesnudo.com.mx\/index.php\/wp-json\/wp\/v2\/posts\/51680","targetHints":{"allow":["GET"]}}],"collection":[{"href":"https:\/\/politicosaldesnudo.com.mx\/index.php\/wp-json\/wp\/v2\/posts"}],"about":[{"href":"https:\/\/politicosaldesnudo.com.mx\/index.php\/wp-json\/wp\/v2\/types\/post"}],"author":[{"embeddable":true,"href":"https:\/\/politicosaldesnudo.com.mx\/index.php\/wp-json\/wp\/v2\/users\/4"}],"replies":[{"embeddable":true,"href":"https:\/\/politicosaldesnudo.com.mx\/index.php\/wp-json\/wp\/v2\/comments?post=51680"}],"version-history":[{"count":0,"href":"https:\/\/politicosaldesnudo.com.mx\/index.php\/wp-json\/wp\/v2\/posts\/51680\/revisions"}],"wp:featuredmedia":[{"embeddable":true,"href":"https:\/\/politicosaldesnudo.com.mx\/index.php\/wp-json\/wp\/v2\/media\/51681"}],"wp:attachment":[{"href":"https:\/\/politicosaldesnudo.com.mx\/index.php\/wp-json\/wp\/v2\/media?parent=51680"}],"wp:term":[{"taxonomy":"category","embeddable":true,"href":"https:\/\/politicosaldesnudo.com.mx\/index.php\/wp-json\/wp\/v2\/categories?post=51680"},{"taxonomy":"post_tag","embeddable":true,"href":"https:\/\/politicosaldesnudo.com.mx\/index.php\/wp-json\/wp\/v2\/tags?post=51680"}],"curies":[{"name":"wp","href":"https:\/\/api.w.org\/{rel}","templated":true}]}}