{"id":51720,"date":"2024-12-05T16:09:40","date_gmt":"2024-12-05T22:09:40","guid":{"rendered":"https:\/\/politicosaldesnudo.com.mx\/?p=51720"},"modified":"2024-12-05T16:09:40","modified_gmt":"2024-12-05T22:09:40","slug":"fue-presentado-el-reglamento-de-bienestar-y-proteccion-animal-para-el-municipio-de-tuxpan","status":"publish","type":"post","link":"https:\/\/politicosaldesnudo.com.mx\/index.php\/2024\/12\/05\/fue-presentado-el-reglamento-de-bienestar-y-proteccion-animal-para-el-municipio-de-tuxpan\/","title":{"rendered":"Fue presentado el Reglamento de Bienestar y Protecci\u00f3n Animal para el Municipio de Tuxpan"},"content":{"rendered":"<p><span style=\"font-size: 14pt;\">En rueda de prensa, el alcalde Dr. Jes\u00fas Fomperoza Torres present\u00f3 el Reglamento de Bienestar y Protecci\u00f3n Animal para el Municipio de Tuxpan.<\/span><\/p>\n<p><span style=\"font-size: 14pt;\">Estuvieron presentes la regidora Anah\u00ed Aguilar L\u00f3pez, comisionada en Fomento Forestal, Ecolog\u00eda y Medio Ambiente e Impulso a la Juventud; el Lic. Eduardo Andrade Rocha, director de Asuntos Jur\u00eddicos del Ayuntamiento; la regidora Lucero Res\u00e9ndis Ambrocio y los regidores Luis Demetrio L\u00f3pez Mar\u00edn y Axel Bernal Herrera.<\/span><\/p>\n<p><span style=\"font-size: 14pt;\">El Lic. Ricardo Ch\u00e1vez M\u00e1rquez, jefe de Unidad Jur\u00eddica de la SSPM; el Lic. Mario Guillermo Dom\u00ednguez Arg\u00fcelles, asesor jur\u00eddico de la regidur\u00eda cuarta; el Ing. Carlos Alberto G\u00f3mez de la Luz, coordinador del Medio Ambiente; el M.V.Z. Andr\u00e9s Viveros V\u00e1zquez, en representaci\u00f3n de la regidur\u00eda segunda.<\/span><\/p>\n<p><span style=\"font-size: 14pt;\">\u201cLa finalidad de este reglamento es proteger a los animales, garantizando su bienestar, salud, manutenci\u00f3n, alojamiento, desarrollo natural, y evitar que sean objeto de maltrato, crueldad y sufrimiento\u201d, se\u00f1al\u00f3 el alcalde.<\/span><\/p>\n<p><span style=\"font-size: 14pt;\">Dijo que a trav\u00e9s de este instrumento jur\u00eddico se proteger\u00e1 no solo a nuestras mascotas, tambi\u00e9n a la gran variedad de especies que son importantes en la regi\u00f3n.<\/span><\/p>\n<p><span style=\"font-size: 14pt;\">En ese sentido a\u00f1adi\u00f3: \u201cse busca generar conciencia en las personas adultas, en las ni\u00f1as y ni\u00f1os, acerca de que tener una mascota no significa solo darle amor y cuidado cuando son peque\u00f1os, sino que se crea una responsabilidad c\u00edvica hacia los animalitos\u201d.<\/span><\/p>\n<p><span style=\"font-size: 14pt;\">Entre las acciones que dio a conocer, indic\u00f3 que para esta \u00e9poca navide\u00f1a queda estrictamente prohibido el uso de pirotecnia, incluyendo en las peregrinaciones: \u201clos exhorto a no comprar pirotecnia, porque no la podr\u00e1n utilizar. Es muy triste ver a ni\u00f1os que pierden sus extremidades o incluso la vida por el uso de fuegos artificiales\u201d.<\/span><\/p>\n<p><span style=\"font-size: 14pt;\">Fomperoza Torres agreg\u00f3 que la pr\u00f3xima cabalgata se realizar\u00e1 en la playa y no en el bulevar, se brindar\u00e1 todo el apoyo para su realizaci\u00f3n y se buscar\u00e1 la colaboraci\u00f3n de veterinarios que atiendan a los caballos que participan, en caso de ser necesario.<\/span><\/p>\n<p><span style=\"font-size: 14pt;\">Del mismo modo, anunci\u00f3 que ya existe un proyecto para crear un Centro de Salud donde se brindar\u00e1 atenci\u00f3n a bajo costo a los animalitos, que se tiene programado se vea realizado el pr\u00f3ximo a\u00f1o.<\/span><\/p>\n<p><span style=\"font-size: 14pt;\">Por su parte, la regidora Anah\u00ed Aguilar L\u00f3pez asegur\u00f3 que se continuar\u00e1 trabajando permanentemente para erradicar el maltrato animal, y pidi\u00f3 a la poblaci\u00f3n denunciar ante las autoridades correspondientes los casos de maltrato de los que tengan conocimiento.<\/span><\/p>\n<p><span style=\"font-size: 14pt;\">En su intervenci\u00f3n el Lic. Eduardo Andrade Rocha, director de Asuntos Jur\u00eddicos del Ayuntamiento, destac\u00f3 que la finalidad de este reglamento es prevenir el delito y evitar que se comentan acciones que perjudiquen a los seres vivos.<\/span><\/p>\n<p><span style=\"font-size: 14pt;\">El reglamento completo est\u00e1 publicado en la p\u00e1gina oficial del gobierno de Tuxpan, en la siguiente liga:\u00a0<a href=\"https:\/\/tuxpanveracruz.gob.mx\/wp-content\/uploads\/juridico\/REGLAMENTO_BIENESTAR_ANIMAL_2024.pdf\">https:\/\/tuxpanveracruz.gob.mx\/wp-content\/uploads\/juridico\/REGLAMENTO_BIENESTAR_ANIMAL_2024.pdf<\/a><\/span><\/p>\n","protected":false},"excerpt":{"rendered":"<p>En rueda de prensa, el alcalde Dr. Jes\u00fas Fomperoza Torres present\u00f3 el Reglamento de Bienestar y Protecci\u00f3n Animal para el<\/p>\n","protected":false},"author":4,"featured_media":51721,"comment_status":"closed","ping_status":"closed","sticky":false,"template":"","format":"standard","meta":{"colormag_page_container_layout":"default_layout","colormag_page_sidebar_layout":"default_layout","_jetpack_memberships_contains_paid_content":false,"footnotes":"","jetpack_publicize_message":"","jetpack_publicize_feature_enabled":true,"jetpack_social_post_already_shared":false,"jetpack_social_options":{"image_generator_settings":{"template":"highway","default_image_id":0,"font":"","enabled":false},"version":2}},"categories":[3205,1082],"tags":[],"class_list":["post-51720","post","type-post","status-publish","format-standard","has-post-thumbnail","hentry","category-gobierno-tuxpan","category-tuxpan"],"jetpack_publicize_connections":[],"jetpack_featured_media_url":"https:\/\/i0.wp.com\/politicosaldesnudo.com.mx\/wp-content\/uploads\/2024\/12\/729ac17a-307c-4a2f-b215-8b2118d6e757.jpg?fit=1600%2C1064&ssl=1","jetpack-related-posts":[],"jetpack_sharing_enabled":true,"_links":{"self":[{"href":"https:\/\/politicosaldesnudo.com.mx\/index.php\/wp-json\/wp\/v2\/posts\/51720","targetHints":{"allow":["GET"]}}],"collection":[{"href":"https:\/\/politicosaldesnudo.com.mx\/index.php\/wp-json\/wp\/v2\/posts"}],"about":[{"href":"https:\/\/politicosaldesnudo.com.mx\/index.php\/wp-json\/wp\/v2\/types\/post"}],"author":[{"embeddable":true,"href":"https:\/\/politicosaldesnudo.com.mx\/index.php\/wp-json\/wp\/v2\/users\/4"}],"replies":[{"embeddable":true,"href":"https:\/\/politicosaldesnudo.com.mx\/index.php\/wp-json\/wp\/v2\/comments?post=51720"}],"version-history":[{"count":0,"href":"https:\/\/politicosaldesnudo.com.mx\/index.php\/wp-json\/wp\/v2\/posts\/51720\/revisions"}],"wp:featuredmedia":[{"embeddable":true,"href":"https:\/\/politicosaldesnudo.com.mx\/index.php\/wp-json\/wp\/v2\/media\/51721"}],"wp:attachment":[{"href":"https:\/\/politicosaldesnudo.com.mx\/index.php\/wp-json\/wp\/v2\/media?parent=51720"}],"wp:term":[{"taxonomy":"category","embeddable":true,"href":"https:\/\/politicosaldesnudo.com.mx\/index.php\/wp-json\/wp\/v2\/categories?post=51720"},{"taxonomy":"post_tag","embeddable":true,"href":"https:\/\/politicosaldesnudo.com.mx\/index.php\/wp-json\/wp\/v2\/tags?post=51720"}],"curies":[{"name":"wp","href":"https:\/\/api.w.org\/{rel}","templated":true}]}}