{"id":51725,"date":"2024-12-06T00:04:13","date_gmt":"2024-12-06T06:04:13","guid":{"rendered":"https:\/\/politicosaldesnudo.com.mx\/?p=51725"},"modified":"2024-12-05T16:43:46","modified_gmt":"2024-12-05T22:43:46","slug":"diputados-franceses-destituyen-a-primer-ministro-entre-llamados-a-la-dimision-de-macron-2","status":"publish","type":"post","link":"https:\/\/politicosaldesnudo.com.mx\/index.php\/2024\/12\/06\/diputados-franceses-destituyen-a-primer-ministro-entre-llamados-a-la-dimision-de-macron-2\/","title":{"rendered":"Diputados franceses destituyen a primer ministro entre llamados a la dimisi\u00f3n de Macron"},"content":{"rendered":"<p><span style=\"font-size: 14pt;\">El gobierno franc\u00e9s del conservador\u00a0Michel Barnier\u00a0cay\u00f3 en una moci\u00f3n de censura que reuni\u00f3 331 votos procedentes de la izquierda y la extrema derecha (bastaba con 288), tres meses despu\u00e9s de su nombramiento para el cargo.<\/span><\/p>\n<p><span style=\"font-size: 14pt;\">El exnegociador de la UE para el Brexit, que contaba solo con el apoyo de la derecha tradicional, macronistas y centristas, muy lejos de la mayor\u00eda absoluta, deber\u00e1 ahora presentar la dimisi\u00f3n al presidente,\u00a0Emmanuel Macron, y se convertir\u00e1 en el m\u00e1s breve jefe del Ejecutivo desde la Segunda Guerra Mundial.<\/span><\/p>\n","protected":false},"excerpt":{"rendered":"<p>El gobierno franc\u00e9s del conservador\u00a0Michel Barnier\u00a0cay\u00f3 en una moci\u00f3n de censura que reuni\u00f3 331 votos procedentes de la izquierda y<\/p>\n","protected":false},"author":4,"featured_media":51726,"comment_status":"closed","ping_status":"closed","sticky":false,"template":"","format":"standard","meta":{"colormag_page_container_layout":"default_layout","colormag_page_sidebar_layout":"default_layout","_jetpack_memberships_contains_paid_content":false,"footnotes":"","jetpack_publicize_message":"","jetpack_publicize_feature_enabled":true,"jetpack_social_post_already_shared":false,"jetpack_social_options":{"image_generator_settings":{"template":"highway","default_image_id":0,"font":"","enabled":false},"version":2}},"categories":[28],"tags":[],"class_list":["post-51725","post","type-post","status-publish","format-standard","has-post-thumbnail","hentry","category-internacional"],"jetpack_publicize_connections":[],"jetpack_featured_media_url":"https:\/\/i0.wp.com\/politicosaldesnudo.com.mx\/wp-content\/uploads\/2024\/12\/Primer-ministro-frances-Michel-Barnier-1.png?fit=768%2C479&ssl=1","jetpack-related-posts":[],"jetpack_sharing_enabled":true,"_links":{"self":[{"href":"https:\/\/politicosaldesnudo.com.mx\/index.php\/wp-json\/wp\/v2\/posts\/51725","targetHints":{"allow":["GET"]}}],"collection":[{"href":"https:\/\/politicosaldesnudo.com.mx\/index.php\/wp-json\/wp\/v2\/posts"}],"about":[{"href":"https:\/\/politicosaldesnudo.com.mx\/index.php\/wp-json\/wp\/v2\/types\/post"}],"author":[{"embeddable":true,"href":"https:\/\/politicosaldesnudo.com.mx\/index.php\/wp-json\/wp\/v2\/users\/4"}],"replies":[{"embeddable":true,"href":"https:\/\/politicosaldesnudo.com.mx\/index.php\/wp-json\/wp\/v2\/comments?post=51725"}],"version-history":[{"count":0,"href":"https:\/\/politicosaldesnudo.com.mx\/index.php\/wp-json\/wp\/v2\/posts\/51725\/revisions"}],"wp:featuredmedia":[{"embeddable":true,"href":"https:\/\/politicosaldesnudo.com.mx\/index.php\/wp-json\/wp\/v2\/media\/51726"}],"wp:attachment":[{"href":"https:\/\/politicosaldesnudo.com.mx\/index.php\/wp-json\/wp\/v2\/media?parent=51725"}],"wp:term":[{"taxonomy":"category","embeddable":true,"href":"https:\/\/politicosaldesnudo.com.mx\/index.php\/wp-json\/wp\/v2\/categories?post=51725"},{"taxonomy":"post_tag","embeddable":true,"href":"https:\/\/politicosaldesnudo.com.mx\/index.php\/wp-json\/wp\/v2\/tags?post=51725"}],"curies":[{"name":"wp","href":"https:\/\/api.w.org\/{rel}","templated":true}]}}