{"id":51759,"date":"2024-12-06T00:15:27","date_gmt":"2024-12-06T06:15:27","guid":{"rendered":"https:\/\/politicosaldesnudo.com.mx\/?p=51759"},"modified":"2024-12-05T20:54:55","modified_gmt":"2024-12-06T02:54:55","slug":"scjn-y-cjf-solicitan-a-diputados-presupuesto-para-finiquitos-de-juzgadores-por-eleccion-judicial","status":"publish","type":"post","link":"https:\/\/politicosaldesnudo.com.mx\/index.php\/2024\/12\/06\/scjn-y-cjf-solicitan-a-diputados-presupuesto-para-finiquitos-de-juzgadores-por-eleccion-judicial\/","title":{"rendered":"SCJN y CJF solicitan a diputados presupuesto para finiquitos de juzgadores por elecci\u00f3n judicial"},"content":{"rendered":"<div class=\"content-body clearfix \">\n<div id=\"content-body-225-12973452\">\n<p><span style=\"font-size: 14pt;\">La Suprema Corte de Justicia de la Naci\u00f3n (SCJN) y el Consejo de la Judicatura Federal (CJF) solicitaron a la C\u00e1mara de Diputados recursos para garantizar los finiquitos de magistrados y jueces que no resulten electos en la elecci\u00f3n judicial del 1 de junio de 2025 o se retiren previo a los comicios.<\/span><\/p>\n<p><span style=\"font-size: 14pt;\">Durante la reuni\u00f3n de la Comisi\u00f3n de Presupuesto y Cuenta P\u00fablica de la C\u00e1mara de Diputados, Fernanda Casanueva de Diego, Secretaria Ejecutiva de Administraci\u00f3n CJF, indic\u00f3 que un gran n\u00famero de trabajadores tendr\u00e1 que ser liquidados una vez que concluyan los comicios judiciales, por lo que requieren recursos adicionales.<\/span><\/p>\n<\/div>\n<\/div>\n<div class=\"advertisment \">\n<div id=\"dfp-nota-1x3s\" data-google-query-id=\"CKOF8PORkooDFfUMtAMdBrgWLA\">\n<div id=\"google_ads_iframe_\/2000002\/la-prensa\/mexico_nota_1x3_0__container__\">\n<div id=\"inArticle_1\" class=\"st-placement inArticle_1 inArticle\">\n<div class=\"st-adunit st-adunit-tagged st-reset st-show\">\n<div class=\"st-adunit-ad st-reset\">\n<div class=\"st-display-render st-reset open 300x250\">\n<div class=\"st-canvas st-reset vertical-static\"><span style=\"font-size: 14pt;\">\u201cDebido a las disposiciones de la propia reforma se prev\u00e9 la salida de un gran n\u00famero de magistradas y magistrados de circuito y de jueces y juezas de distrito previo al proceso electoral, para ello la propuesta 25 tambi\u00e9n contiene los recursos necesarios para cubrir las sustituciones de las personas juzgadoras que causen baja para garantizar la continuidad de sus funciones jurisdiccionales y cubrir los derechos laborales y prestaciones de las personas juzgadoras en retiro\u201d, dijo.<\/span><\/div>\n<\/div>\n<\/div>\n<\/div>\n<\/div>\n<\/div>\n<\/div>\n<\/div>\n","protected":false},"excerpt":{"rendered":"<p>La Suprema Corte de Justicia de la Naci\u00f3n (SCJN) y el Consejo de la Judicatura Federal (CJF) solicitaron a la<\/p>\n","protected":false},"author":4,"featured_media":51760,"comment_status":"closed","ping_status":"closed","sticky":false,"template":"","format":"standard","meta":{"colormag_page_container_layout":"default_layout","colormag_page_sidebar_layout":"default_layout","_jetpack_memberships_contains_paid_content":false,"footnotes":"","jetpack_publicize_message":"","jetpack_publicize_feature_enabled":true,"jetpack_social_post_already_shared":false,"jetpack_social_options":{"image_generator_settings":{"template":"highway","default_image_id":0,"font":"","enabled":false},"version":2}},"categories":[33],"tags":[],"class_list":["post-51759","post","type-post","status-publish","format-standard","has-post-thumbnail","hentry","category-nacional"],"jetpack_publicize_connections":[],"jetpack_featured_media_url":"https:\/\/i0.wp.com\/politicosaldesnudo.com.mx\/wp-content\/uploads\/2024\/12\/Discusion-del-presupuesto-del-PJF-en-la-Camara-de-Diputados.png?fit=768%2C479&ssl=1","jetpack-related-posts":[],"jetpack_sharing_enabled":true,"_links":{"self":[{"href":"https:\/\/politicosaldesnudo.com.mx\/index.php\/wp-json\/wp\/v2\/posts\/51759","targetHints":{"allow":["GET"]}}],"collection":[{"href":"https:\/\/politicosaldesnudo.com.mx\/index.php\/wp-json\/wp\/v2\/posts"}],"about":[{"href":"https:\/\/politicosaldesnudo.com.mx\/index.php\/wp-json\/wp\/v2\/types\/post"}],"author":[{"embeddable":true,"href":"https:\/\/politicosaldesnudo.com.mx\/index.php\/wp-json\/wp\/v2\/users\/4"}],"replies":[{"embeddable":true,"href":"https:\/\/politicosaldesnudo.com.mx\/index.php\/wp-json\/wp\/v2\/comments?post=51759"}],"version-history":[{"count":0,"href":"https:\/\/politicosaldesnudo.com.mx\/index.php\/wp-json\/wp\/v2\/posts\/51759\/revisions"}],"wp:featuredmedia":[{"embeddable":true,"href":"https:\/\/politicosaldesnudo.com.mx\/index.php\/wp-json\/wp\/v2\/media\/51760"}],"wp:attachment":[{"href":"https:\/\/politicosaldesnudo.com.mx\/index.php\/wp-json\/wp\/v2\/media?parent=51759"}],"wp:term":[{"taxonomy":"category","embeddable":true,"href":"https:\/\/politicosaldesnudo.com.mx\/index.php\/wp-json\/wp\/v2\/categories?post=51759"},{"taxonomy":"post_tag","embeddable":true,"href":"https:\/\/politicosaldesnudo.com.mx\/index.php\/wp-json\/wp\/v2\/tags?post=51759"}],"curies":[{"name":"wp","href":"https:\/\/api.w.org\/{rel}","templated":true}]}}