{"id":51809,"date":"2024-12-07T00:09:45","date_gmt":"2024-12-07T06:09:45","guid":{"rendered":"https:\/\/politicosaldesnudo.com.mx\/?p=51809"},"modified":"2024-12-06T17:49:50","modified_gmt":"2024-12-06T23:49:50","slug":"planeacion-regional-crucial-para-el-desarrollo-de-mexico","status":"publish","type":"post","link":"https:\/\/politicosaldesnudo.com.mx\/index.php\/2024\/12\/07\/planeacion-regional-crucial-para-el-desarrollo-de-mexico\/","title":{"rendered":"Planeaci\u00f3n regional, crucial para el desarrollo de M\u00e9xico"},"content":{"rendered":"<p><span style=\"font-size: 14pt;\">El fortalecimiento de la planeaci\u00f3n en el \u00e1mbito regional es fundamental para un desarrollo econ\u00f3mico equilibrado en todo el pa\u00eds; cada entidad federativa debe contar con estrategias claras para atraer inversi\u00f3n, generar empleos y mejorar la competitividad a trav\u00e9s de proyectos de infraestructura que respondan a sus necesidades, explic\u00f3 Liliana Trejo Osorio, directora de Vinculaci\u00f3n de la Asociaci\u00f3n Mexicana de Secretarios de Desarrollo Econ\u00f3mico (AMSDE).\u00a0<\/span><\/p>\n<p><span style=\"font-size: 14pt;\">\u201cPara que las pol\u00edticas p\u00fablicas sean efectivas deben estar alineadas con las realidades locales y que los estados trabajen de la mano con los sectores empresariales\u201d para maximizar los beneficios de las grandes inversiones, se\u00f1al\u00f3 durante su participaci\u00f3n en el segundo Foro Nacional de Planeaci\u00f3n, organizado por el Colegio de Ingenieros Civiles de M\u00e9xico (CICM).<\/span><\/p>\n","protected":false},"excerpt":{"rendered":"<p>El fortalecimiento de la planeaci\u00f3n en el \u00e1mbito regional es fundamental para un desarrollo econ\u00f3mico equilibrado en todo el pa\u00eds;<\/p>\n","protected":false},"author":4,"featured_media":51810,"comment_status":"closed","ping_status":"closed","sticky":false,"template":"","format":"standard","meta":{"colormag_page_container_layout":"default_layout","colormag_page_sidebar_layout":"default_layout","_jetpack_memberships_contains_paid_content":false,"footnotes":"","jetpack_publicize_message":"","jetpack_publicize_feature_enabled":true,"jetpack_social_post_already_shared":false,"jetpack_social_options":{"image_generator_settings":{"template":"highway","default_image_id":0,"font":"","enabled":false},"version":2}},"categories":[30],"tags":[],"class_list":["post-51809","post","type-post","status-publish","format-standard","has-post-thumbnail","hentry","category-estados"],"jetpack_publicize_connections":[],"jetpack_featured_media_url":"https:\/\/i0.wp.com\/politicosaldesnudo.com.mx\/wp-content\/uploads\/2024\/12\/67528e4347454.jpeg?fit=1280%2C720&ssl=1","jetpack-related-posts":[],"jetpack_sharing_enabled":true,"_links":{"self":[{"href":"https:\/\/politicosaldesnudo.com.mx\/index.php\/wp-json\/wp\/v2\/posts\/51809","targetHints":{"allow":["GET"]}}],"collection":[{"href":"https:\/\/politicosaldesnudo.com.mx\/index.php\/wp-json\/wp\/v2\/posts"}],"about":[{"href":"https:\/\/politicosaldesnudo.com.mx\/index.php\/wp-json\/wp\/v2\/types\/post"}],"author":[{"embeddable":true,"href":"https:\/\/politicosaldesnudo.com.mx\/index.php\/wp-json\/wp\/v2\/users\/4"}],"replies":[{"embeddable":true,"href":"https:\/\/politicosaldesnudo.com.mx\/index.php\/wp-json\/wp\/v2\/comments?post=51809"}],"version-history":[{"count":0,"href":"https:\/\/politicosaldesnudo.com.mx\/index.php\/wp-json\/wp\/v2\/posts\/51809\/revisions"}],"wp:featuredmedia":[{"embeddable":true,"href":"https:\/\/politicosaldesnudo.com.mx\/index.php\/wp-json\/wp\/v2\/media\/51810"}],"wp:attachment":[{"href":"https:\/\/politicosaldesnudo.com.mx\/index.php\/wp-json\/wp\/v2\/media?parent=51809"}],"wp:term":[{"taxonomy":"category","embeddable":true,"href":"https:\/\/politicosaldesnudo.com.mx\/index.php\/wp-json\/wp\/v2\/categories?post=51809"},{"taxonomy":"post_tag","embeddable":true,"href":"https:\/\/politicosaldesnudo.com.mx\/index.php\/wp-json\/wp\/v2\/tags?post=51809"}],"curies":[{"name":"wp","href":"https:\/\/api.w.org\/{rel}","templated":true}]}}