{"id":51812,"date":"2024-12-07T00:10:58","date_gmt":"2024-12-07T06:10:58","guid":{"rendered":"https:\/\/politicosaldesnudo.com.mx\/?p=51812"},"modified":"2024-12-06T17:52:55","modified_gmt":"2024-12-06T23:52:55","slug":"cdmx-replantea-politicas-publicas-para-convertirse-en-eje-articulador","status":"publish","type":"post","link":"https:\/\/politicosaldesnudo.com.mx\/index.php\/2024\/12\/07\/cdmx-replantea-politicas-publicas-para-convertirse-en-eje-articulador\/","title":{"rendered":"CDMX replantea pol\u00edticas p\u00fablicas para convertirse en eje articulador"},"content":{"rendered":"<p><span style=\"font-size: 14pt;\">El Gobierno de la Ciudad de M\u00e9xico ha decidido replantear su enfoque de planeaci\u00f3n y desarrollo, \u201cel territorio deber\u00e1 ser el eje articulador de todas las pol\u00edticas p\u00fablicas de la ciudad\u201d, dijo Alejandro Encinas, secretario local de Planeaci\u00f3n, Ordenamiento Territorial y Coordinaci\u00f3n Metropolitana, durante la clausura del segundo Foro Nacional de Planeaci\u00f3n, organizado por el Colegio de Ingenieros Civiles de M\u00e9xico (CICM).\u00a0<\/span><\/p>\n<p><span style=\"font-size: 14pt;\">Entre las primeras acciones concretas en materia de coordinaci\u00f3n destac\u00f3 la creaci\u00f3n de la Polic\u00eda Metropolitana, la cual busca abordar temas de seguridad en puntos cr\u00edticos de la Ciudad de M\u00e9xico y su \u00e1rea conurbada, \u201cya tenemos acuerdo con el Estado de M\u00e9xico para iniciar los primeros operativos en dos puntos\u201d, con el objetivo de atacar problemas de delincuencia organizada y la protecci\u00f3n de \u00e1reas naturales.<\/span><\/p>\n","protected":false},"excerpt":{"rendered":"<p>El Gobierno de la Ciudad de M\u00e9xico ha decidido replantear su enfoque de planeaci\u00f3n y desarrollo, \u201cel territorio deber\u00e1 ser<\/p>\n","protected":false},"author":4,"featured_media":51813,"comment_status":"closed","ping_status":"closed","sticky":false,"template":"","format":"standard","meta":{"colormag_page_container_layout":"default_layout","colormag_page_sidebar_layout":"default_layout","_jetpack_memberships_contains_paid_content":false,"footnotes":"","jetpack_publicize_message":"","jetpack_publicize_feature_enabled":true,"jetpack_social_post_already_shared":false,"jetpack_social_options":{"image_generator_settings":{"template":"highway","default_image_id":0,"font":"","enabled":false},"version":2}},"categories":[30],"tags":[],"class_list":["post-51812","post","type-post","status-publish","format-standard","has-post-thumbnail","hentry","category-estados"],"jetpack_publicize_connections":[],"jetpack_featured_media_url":"https:\/\/i0.wp.com\/politicosaldesnudo.com.mx\/wp-content\/uploads\/2024\/12\/66e83bbf9aa41.jpeg?fit=1280%2C720&ssl=1","jetpack-related-posts":[],"jetpack_sharing_enabled":true,"_links":{"self":[{"href":"https:\/\/politicosaldesnudo.com.mx\/index.php\/wp-json\/wp\/v2\/posts\/51812","targetHints":{"allow":["GET"]}}],"collection":[{"href":"https:\/\/politicosaldesnudo.com.mx\/index.php\/wp-json\/wp\/v2\/posts"}],"about":[{"href":"https:\/\/politicosaldesnudo.com.mx\/index.php\/wp-json\/wp\/v2\/types\/post"}],"author":[{"embeddable":true,"href":"https:\/\/politicosaldesnudo.com.mx\/index.php\/wp-json\/wp\/v2\/users\/4"}],"replies":[{"embeddable":true,"href":"https:\/\/politicosaldesnudo.com.mx\/index.php\/wp-json\/wp\/v2\/comments?post=51812"}],"version-history":[{"count":0,"href":"https:\/\/politicosaldesnudo.com.mx\/index.php\/wp-json\/wp\/v2\/posts\/51812\/revisions"}],"wp:featuredmedia":[{"embeddable":true,"href":"https:\/\/politicosaldesnudo.com.mx\/index.php\/wp-json\/wp\/v2\/media\/51813"}],"wp:attachment":[{"href":"https:\/\/politicosaldesnudo.com.mx\/index.php\/wp-json\/wp\/v2\/media?parent=51812"}],"wp:term":[{"taxonomy":"category","embeddable":true,"href":"https:\/\/politicosaldesnudo.com.mx\/index.php\/wp-json\/wp\/v2\/categories?post=51812"},{"taxonomy":"post_tag","embeddable":true,"href":"https:\/\/politicosaldesnudo.com.mx\/index.php\/wp-json\/wp\/v2\/tags?post=51812"}],"curies":[{"name":"wp","href":"https:\/\/api.w.org\/{rel}","templated":true}]}}