{"id":51830,"date":"2024-12-07T00:02:40","date_gmt":"2024-12-07T06:02:40","guid":{"rendered":"https:\/\/politicosaldesnudo.com.mx\/?p=51830"},"modified":"2024-12-06T21:47:47","modified_gmt":"2024-12-07T03:47:47","slug":"gobernadora-anuncia-combate-a-la-corrupcion","status":"publish","type":"post","link":"https:\/\/politicosaldesnudo.com.mx\/index.php\/2024\/12\/07\/gobernadora-anuncia-combate-a-la-corrupcion\/","title":{"rendered":"Gobernadora anuncia combate a la corrupci\u00f3n"},"content":{"rendered":"<p><span style=\"font-size: 14pt;\">En entrevista telef\u00f3nica con Oliva Noticias, la gobernadora de Veracruz, Roc\u00edo Nahle Garc\u00eda, inform\u00f3 que su administraci\u00f3n implementar\u00e1 un modelo de digitalizaci\u00f3n para combatir la corrupci\u00f3n y agilizar tr\u00e1mites, entre ellos el pago digital de n\u00f3minas.<\/span><\/p>\n<p><span style=\"font-size: 14pt;\">Esta medida busca erradicar pr\u00e1cticas como la existencia de \u201caviadores\u201d en dependencias como la Secretar\u00eda de Educaci\u00f3n de Veracruz (SEV).\u00a0<\/span><\/p>\n<p><span style=\"font-size: 14pt;\">La Gobernadora tambi\u00e9n destac\u00f3 que esta iniciativa eliminar\u00e1 el manejo de efectivo en tr\u00e1mites como el pago de multas y licencias de conducir, asegurando que todos los ingresos se canalicen directamente a la Hacienda del Estado.\u00a0<\/span><\/p>\n<p><span style=\"font-size: 14pt;\">Nahle Garc\u00eda reiter\u00f3 su compromiso de gobernar y construir para todos, sin distinci\u00f3n de afiliaciones partidistas.<\/span><\/p>\n<p><span style=\"font-size: 14pt;\">\u201cMi misi\u00f3n es unificar Veracruz\u201d, recordando que su toma de protesta fue un reflej\u00f3 de la pluralidad y un acto \u00abemblem\u00e1tico para Veracruz y M\u00e9xico\u00bb.\u00a0<\/span><\/p>\n<p><span style=\"font-size: 14pt;\">En cuanto a la alerta sanitaria por la presencia del \u2018gusano barrenador\u2019, la mandataria inform\u00f3 que desde este lunes se estableci\u00f3 un cerco de sanidad animal en los l\u00edmites del estado, adem\u00e1s de habilitar estaciones fitosanitarias y cada d\u00eda 8 de mes se dar\u00e1 seguimiento puntual.\u00a0<\/span><\/p>\n<p><span style=\"font-size: 14pt;\">Adem\u00e1s, destac\u00f3 el cumplimiento de uno de sus compromisos de campa\u00f1a: la eliminaci\u00f3n del cobro en la caseta de Coatzacoalcos, efectiva desde el pasado 1 de diciembre, atendiendo una demanda ciudadana que persisti\u00f3 por m\u00e1s de 60 a\u00f1os.<\/span><\/p>\n","protected":false},"excerpt":{"rendered":"<p>En entrevista telef\u00f3nica con Oliva Noticias, la gobernadora de Veracruz, Roc\u00edo Nahle Garc\u00eda, inform\u00f3 que su administraci\u00f3n implementar\u00e1 un modelo<\/p>\n","protected":false},"author":4,"featured_media":51831,"comment_status":"closed","ping_status":"closed","sticky":false,"template":"","format":"standard","meta":{"colormag_page_container_layout":"default_layout","colormag_page_sidebar_layout":"default_layout","_jetpack_memberships_contains_paid_content":false,"footnotes":"","jetpack_publicize_message":"","jetpack_publicize_feature_enabled":true,"jetpack_social_post_already_shared":false,"jetpack_social_options":{"image_generator_settings":{"template":"highway","default_image_id":0,"font":"","enabled":false},"version":2}},"categories":[1082],"tags":[],"class_list":["post-51830","post","type-post","status-publish","format-standard","has-post-thumbnail","hentry","category-tuxpan"],"jetpack_publicize_connections":[],"jetpack_featured_media_url":"https:\/\/i0.wp.com\/politicosaldesnudo.com.mx\/wp-content\/uploads\/2024\/12\/8c.jpg?fit=1200%2C801&ssl=1","jetpack-related-posts":[],"jetpack_sharing_enabled":true,"_links":{"self":[{"href":"https:\/\/politicosaldesnudo.com.mx\/index.php\/wp-json\/wp\/v2\/posts\/51830","targetHints":{"allow":["GET"]}}],"collection":[{"href":"https:\/\/politicosaldesnudo.com.mx\/index.php\/wp-json\/wp\/v2\/posts"}],"about":[{"href":"https:\/\/politicosaldesnudo.com.mx\/index.php\/wp-json\/wp\/v2\/types\/post"}],"author":[{"embeddable":true,"href":"https:\/\/politicosaldesnudo.com.mx\/index.php\/wp-json\/wp\/v2\/users\/4"}],"replies":[{"embeddable":true,"href":"https:\/\/politicosaldesnudo.com.mx\/index.php\/wp-json\/wp\/v2\/comments?post=51830"}],"version-history":[{"count":0,"href":"https:\/\/politicosaldesnudo.com.mx\/index.php\/wp-json\/wp\/v2\/posts\/51830\/revisions"}],"wp:featuredmedia":[{"embeddable":true,"href":"https:\/\/politicosaldesnudo.com.mx\/index.php\/wp-json\/wp\/v2\/media\/51831"}],"wp:attachment":[{"href":"https:\/\/politicosaldesnudo.com.mx\/index.php\/wp-json\/wp\/v2\/media?parent=51830"}],"wp:term":[{"taxonomy":"category","embeddable":true,"href":"https:\/\/politicosaldesnudo.com.mx\/index.php\/wp-json\/wp\/v2\/categories?post=51830"},{"taxonomy":"post_tag","embeddable":true,"href":"https:\/\/politicosaldesnudo.com.mx\/index.php\/wp-json\/wp\/v2\/tags?post=51830"}],"curies":[{"name":"wp","href":"https:\/\/api.w.org\/{rel}","templated":true}]}}