{"id":51833,"date":"2024-12-07T00:03:03","date_gmt":"2024-12-07T06:03:03","guid":{"rendered":"https:\/\/politicosaldesnudo.com.mx\/?p=51833"},"modified":"2024-12-06T21:48:58","modified_gmt":"2024-12-07T03:48:58","slug":"comienza-la-venta-de-trajes-de-inditos","status":"publish","type":"post","link":"https:\/\/politicosaldesnudo.com.mx\/index.php\/2024\/12\/07\/comienza-la-venta-de-trajes-de-inditos\/","title":{"rendered":"Comienza la venta de trajes de \u201cinditos\u201d"},"content":{"rendered":"<p><span style=\"font-size: 14pt;\">Comienza la venta de atuendos para ni\u00f1os y ni\u00f1as que estar\u00e1n siendo llevados a la iglesia el pr\u00f3ximo 12 de diciembre en honor a la virgen de Guadalupe, por lo que en varios puestos del primer cuadro de la ciudad se pueden encontrar los diferentes puestos que ofrecen todo lo necesario para la caracterizaci\u00f3n de \u201cinditos\u201d.<\/span><\/p>\n<p><span style=\"font-size: 14pt;\">Los precios estos var\u00edan de acuerdo a la edad y al dise\u00f1o, por lo que en algunos puestos se pueden encontrar trajes para ni\u00f1os y ni\u00f1as de un a\u00f1o en 140 pesos, para ni\u00f1os m\u00e1s grandes el precio puede llegar a los 270, el cual les incluye la falda, blusa, rebozo, refajo o en su caso la camisa, pantal\u00f3n, sombrero.<\/span><\/p>\n<p><span style=\"font-size: 14pt;\">Padres de familia han comenzado con la venta de los trajes con tiempo, pues se\u00f1alan que estos podr\u00edan incrementar sus costos o que las tallas se terminen, por lo que se han tomado el tiempo de adquirir todo lo necesario para sus hijos, ya que en la mayor\u00eda de las familias cat\u00f3licas es una tradici\u00f3n vestir a sus hijos y llevarlos a la iglesia.<\/span><\/p>\n<p><span style=\"font-size: 14pt;\">Por su parte comerciantes quienes algunos provienen de municipios de la sierra norte de Puebla han destac\u00f3 que las ventas hasta el momento han estado tranquilas, pero se espera que en los pr\u00f3ximos d\u00edas familia acudan para adquirir sus productos, por lo que tienen buenas expectativas para este a\u00f1o.<\/span><\/p>\n<p><span style=\"font-size: 14pt;\">Cabe destacar que es una de las tradiciones m\u00e1s arraigadas por la comunidad mexicana cat\u00f3lica, por lo que desde el 01 de diciembre comienza las muestras de fe con las peregrinaciones, el 11 de diciembre las tradicionales ma\u00f1anitas a la virgen Guadalupe y el 12 se lleva a los ni\u00f1os a la bendici\u00f3n de \u201cinditos\u201d.<\/span><\/p>\n","protected":false},"excerpt":{"rendered":"<p>Comienza la venta de atuendos para ni\u00f1os y ni\u00f1as que estar\u00e1n siendo llevados a la iglesia el pr\u00f3ximo 12 de<\/p>\n","protected":false},"author":4,"featured_media":51834,"comment_status":"closed","ping_status":"closed","sticky":false,"template":"","format":"standard","meta":{"colormag_page_container_layout":"default_layout","colormag_page_sidebar_layout":"default_layout","_jetpack_memberships_contains_paid_content":false,"footnotes":"","jetpack_publicize_message":"","jetpack_publicize_feature_enabled":true,"jetpack_social_post_already_shared":false,"jetpack_social_options":{"image_generator_settings":{"template":"highway","default_image_id":0,"font":"","enabled":false},"version":2}},"categories":[1082],"tags":[],"class_list":["post-51833","post","type-post","status-publish","format-standard","has-post-thumbnail","hentry","category-tuxpan"],"jetpack_publicize_connections":[],"jetpack_featured_media_url":"https:\/\/i0.wp.com\/politicosaldesnudo.com.mx\/wp-content\/uploads\/2024\/12\/7a-1.jpg?fit=1140%2C712&ssl=1","jetpack-related-posts":[],"jetpack_sharing_enabled":true,"_links":{"self":[{"href":"https:\/\/politicosaldesnudo.com.mx\/index.php\/wp-json\/wp\/v2\/posts\/51833","targetHints":{"allow":["GET"]}}],"collection":[{"href":"https:\/\/politicosaldesnudo.com.mx\/index.php\/wp-json\/wp\/v2\/posts"}],"about":[{"href":"https:\/\/politicosaldesnudo.com.mx\/index.php\/wp-json\/wp\/v2\/types\/post"}],"author":[{"embeddable":true,"href":"https:\/\/politicosaldesnudo.com.mx\/index.php\/wp-json\/wp\/v2\/users\/4"}],"replies":[{"embeddable":true,"href":"https:\/\/politicosaldesnudo.com.mx\/index.php\/wp-json\/wp\/v2\/comments?post=51833"}],"version-history":[{"count":0,"href":"https:\/\/politicosaldesnudo.com.mx\/index.php\/wp-json\/wp\/v2\/posts\/51833\/revisions"}],"wp:featuredmedia":[{"embeddable":true,"href":"https:\/\/politicosaldesnudo.com.mx\/index.php\/wp-json\/wp\/v2\/media\/51834"}],"wp:attachment":[{"href":"https:\/\/politicosaldesnudo.com.mx\/index.php\/wp-json\/wp\/v2\/media?parent=51833"}],"wp:term":[{"taxonomy":"category","embeddable":true,"href":"https:\/\/politicosaldesnudo.com.mx\/index.php\/wp-json\/wp\/v2\/categories?post=51833"},{"taxonomy":"post_tag","embeddable":true,"href":"https:\/\/politicosaldesnudo.com.mx\/index.php\/wp-json\/wp\/v2\/tags?post=51833"}],"curies":[{"name":"wp","href":"https:\/\/api.w.org\/{rel}","templated":true}]}}