{"id":51845,"date":"2024-12-07T00:17:40","date_gmt":"2024-12-07T06:17:40","guid":{"rendered":"https:\/\/politicosaldesnudo.com.mx\/?p=51845"},"modified":"2024-12-06T21:56:06","modified_gmt":"2024-12-07T03:56:06","slug":"detienen-al-hermano-de-el-pelon-operador-de-los-chapitos-del-cartel-de-sinaloa","status":"publish","type":"post","link":"https:\/\/politicosaldesnudo.com.mx\/index.php\/2024\/12\/07\/detienen-al-hermano-de-el-pelon-operador-de-los-chapitos-del-cartel-de-sinaloa\/","title":{"rendered":"Detienen al hermano de El Pel\u00f3n, operador de Los Chapitos del c\u00e1rtel de Sinaloa"},"content":{"rendered":"<p><span style=\"font-size: 14pt;\">Fuerzas de seguridad federales\u00a0detuvieron a Horacio N, hermano de Omar N alias El Pel\u00f3n, quien fue\u00a0detenido d\u00edas atr\u00e1s\u00a0e\u00a0identificado\u00a0como el\u00a0presunto responsable de los ataques de\u00a0Los Chapitos\u00a0contra La Mayiza\u00a0en\u00a0Sinaloa.<\/span><\/p>\n<p><span style=\"font-size: 14pt;\">De acuerdo con la informaci\u00f3n,\u00a0Horacio N, de 39 a\u00f1os, se encargaba del pago de n\u00f3minas en Culiac\u00e1n y Sonora, as\u00ed como participar en la\u00a0coordinaci\u00f3n de encargos de su hermano\u00a0relacionados con la\u00a0comercializaci\u00f3n de drogas.<\/span><\/p>\n<p><span style=\"font-size: 14pt;\">Junto a Horacio N fueron detenidos Jes\u00fas Fernando N, Luis Galard\u00f3n N, Jos\u00e9 Guadalupe N y Francisco Javier N.\u00a0Todos en un operativo llevado a cabo en Culiac\u00e1n, donde tambi\u00e9n\u00a0se les aseguraron armas largas y pastillas de fentanilo.<\/span><\/p>\n","protected":false},"excerpt":{"rendered":"<p>Fuerzas de seguridad federales\u00a0detuvieron a Horacio N, hermano de Omar N alias El Pel\u00f3n, quien fue\u00a0detenido d\u00edas atr\u00e1s\u00a0e\u00a0identificado\u00a0como el\u00a0presunto responsable<\/p>\n","protected":false},"author":4,"featured_media":51846,"comment_status":"closed","ping_status":"closed","sticky":false,"template":"","format":"standard","meta":{"colormag_page_container_layout":"default_layout","colormag_page_sidebar_layout":"default_layout","_jetpack_memberships_contains_paid_content":false,"footnotes":"","jetpack_publicize_message":"","jetpack_publicize_feature_enabled":true,"jetpack_social_post_already_shared":false,"jetpack_social_options":{"image_generator_settings":{"template":"highway","default_image_id":0,"font":"","enabled":false},"version":2}},"categories":[33],"tags":[],"class_list":["post-51845","post","type-post","status-publish","format-standard","has-post-thumbnail","hentry","category-nacional"],"jetpack_publicize_connections":[],"jetpack_featured_media_url":"https:\/\/i0.wp.com\/politicosaldesnudo.com.mx\/wp-content\/uploads\/2024\/12\/El-Pelon_presunto-integrante-Chapitos.jpg?fit=768%2C479&ssl=1","jetpack-related-posts":[],"jetpack_sharing_enabled":true,"_links":{"self":[{"href":"https:\/\/politicosaldesnudo.com.mx\/index.php\/wp-json\/wp\/v2\/posts\/51845","targetHints":{"allow":["GET"]}}],"collection":[{"href":"https:\/\/politicosaldesnudo.com.mx\/index.php\/wp-json\/wp\/v2\/posts"}],"about":[{"href":"https:\/\/politicosaldesnudo.com.mx\/index.php\/wp-json\/wp\/v2\/types\/post"}],"author":[{"embeddable":true,"href":"https:\/\/politicosaldesnudo.com.mx\/index.php\/wp-json\/wp\/v2\/users\/4"}],"replies":[{"embeddable":true,"href":"https:\/\/politicosaldesnudo.com.mx\/index.php\/wp-json\/wp\/v2\/comments?post=51845"}],"version-history":[{"count":0,"href":"https:\/\/politicosaldesnudo.com.mx\/index.php\/wp-json\/wp\/v2\/posts\/51845\/revisions"}],"wp:featuredmedia":[{"embeddable":true,"href":"https:\/\/politicosaldesnudo.com.mx\/index.php\/wp-json\/wp\/v2\/media\/51846"}],"wp:attachment":[{"href":"https:\/\/politicosaldesnudo.com.mx\/index.php\/wp-json\/wp\/v2\/media?parent=51845"}],"wp:term":[{"taxonomy":"category","embeddable":true,"href":"https:\/\/politicosaldesnudo.com.mx\/index.php\/wp-json\/wp\/v2\/categories?post=51845"},{"taxonomy":"post_tag","embeddable":true,"href":"https:\/\/politicosaldesnudo.com.mx\/index.php\/wp-json\/wp\/v2\/tags?post=51845"}],"curies":[{"name":"wp","href":"https:\/\/api.w.org\/{rel}","templated":true}]}}