{"id":51942,"date":"2024-12-09T00:15:56","date_gmt":"2024-12-09T06:15:56","guid":{"rendered":"https:\/\/politicosaldesnudo.com.mx\/?p=51942"},"modified":"2024-12-08T21:45:29","modified_gmt":"2024-12-09T03:45:29","slug":"fgr-acusa-a-juez-de-favorecer-a-imputado-de-cooperativa-cruz-azul","status":"publish","type":"post","link":"https:\/\/politicosaldesnudo.com.mx\/index.php\/2024\/12\/09\/fgr-acusa-a-juez-de-favorecer-a-imputado-de-cooperativa-cruz-azul\/","title":{"rendered":"FGR acusa a juez de favorecer a imputado de cooperativa Cruz Azul"},"content":{"rendered":"<p><span style=\"font-size: 14pt;\">La Fiscal\u00eda General de la Rep\u00fablica (FGR)\u00a0calific\u00f3\u00a0como \u201cabsolutamente\u00a0ilegal\u201d la\u00a0decisi\u00f3n\u00a0del\u00a0Juez de Distrito Especializado\u00a0en el Sistema Penal Acusatorio, Enrique Beltr\u00e1n Santes, de\u00a0eliminar la prisi\u00f3n preventiva justificada\u00a0que enfrentaba Victor \u201cN\u201d,\u00a0exdirector jur\u00eddico de la cooperativa Cruz Azul,\u00a0desde el 10 octubre de 2023 tras ser\u00a0acusado\u00a0de\u00a0delincuencia organizada y lavado de dinero.<\/span><\/p>\n<p><span style=\"font-size: 14pt;\">\u201cEsa\u00a0determinaci\u00f3n\u00a0judicial resulta\u00a0contraria a la ley y\u00a0es\u00a0absurda\u00a0por completo. En efecto, el\u00a0imputado\u00a0est\u00e1\u00a0vinculado a proceso\u00a0por los delitos de\u00a0delincuencia organizada y operaciones\u00a0con recursos de\u00a0procedencia il\u00edcita. En t\u00e9rminos del art\u00edculo 167, tercer p\u00e1rrafo, del C\u00f3digo Nacional de Procedimientos Penales, la\u00a0prisi\u00f3n preventiva\u00a0opera, entre otros, por el\u00a0delito de delincuencia organizada\u201d, afirm\u00f3 la Fiscal\u00eda a trav\u00e9s de un comunicado.<\/span><\/p>\n","protected":false},"excerpt":{"rendered":"<p>La Fiscal\u00eda General de la Rep\u00fablica (FGR)\u00a0calific\u00f3\u00a0como \u201cabsolutamente\u00a0ilegal\u201d la\u00a0decisi\u00f3n\u00a0del\u00a0Juez de Distrito Especializado\u00a0en el Sistema Penal Acusatorio, Enrique Beltr\u00e1n Santes, de\u00a0eliminar<\/p>\n","protected":false},"author":4,"featured_media":51943,"comment_status":"closed","ping_status":"closed","sticky":false,"template":"","format":"standard","meta":{"colormag_page_container_layout":"default_layout","colormag_page_sidebar_layout":"default_layout","_jetpack_memberships_contains_paid_content":false,"footnotes":"","jetpack_publicize_message":"","jetpack_publicize_feature_enabled":true,"jetpack_social_post_already_shared":false,"jetpack_social_options":{"image_generator_settings":{"template":"highway","default_image_id":0,"font":"","enabled":false},"version":2}},"categories":[33],"tags":[],"class_list":["post-51942","post","type-post","status-publish","format-standard","has-post-thumbnail","hentry","category-nacional"],"jetpack_publicize_connections":[],"jetpack_featured_media_url":"https:\/\/i0.wp.com\/politicosaldesnudo.com.mx\/wp-content\/uploads\/2024\/12\/Cooperativa-Cruz-azul.jpg?fit=768%2C479&ssl=1","jetpack-related-posts":[],"jetpack_sharing_enabled":true,"_links":{"self":[{"href":"https:\/\/politicosaldesnudo.com.mx\/index.php\/wp-json\/wp\/v2\/posts\/51942","targetHints":{"allow":["GET"]}}],"collection":[{"href":"https:\/\/politicosaldesnudo.com.mx\/index.php\/wp-json\/wp\/v2\/posts"}],"about":[{"href":"https:\/\/politicosaldesnudo.com.mx\/index.php\/wp-json\/wp\/v2\/types\/post"}],"author":[{"embeddable":true,"href":"https:\/\/politicosaldesnudo.com.mx\/index.php\/wp-json\/wp\/v2\/users\/4"}],"replies":[{"embeddable":true,"href":"https:\/\/politicosaldesnudo.com.mx\/index.php\/wp-json\/wp\/v2\/comments?post=51942"}],"version-history":[{"count":0,"href":"https:\/\/politicosaldesnudo.com.mx\/index.php\/wp-json\/wp\/v2\/posts\/51942\/revisions"}],"wp:featuredmedia":[{"embeddable":true,"href":"https:\/\/politicosaldesnudo.com.mx\/index.php\/wp-json\/wp\/v2\/media\/51943"}],"wp:attachment":[{"href":"https:\/\/politicosaldesnudo.com.mx\/index.php\/wp-json\/wp\/v2\/media?parent=51942"}],"wp:term":[{"taxonomy":"category","embeddable":true,"href":"https:\/\/politicosaldesnudo.com.mx\/index.php\/wp-json\/wp\/v2\/categories?post=51942"},{"taxonomy":"post_tag","embeddable":true,"href":"https:\/\/politicosaldesnudo.com.mx\/index.php\/wp-json\/wp\/v2\/tags?post=51942"}],"curies":[{"name":"wp","href":"https:\/\/api.w.org\/{rel}","templated":true}]}}