{"id":52011,"date":"2024-12-10T00:06:19","date_gmt":"2024-12-10T06:06:19","guid":{"rendered":"https:\/\/politicosaldesnudo.com.mx\/?p=52011"},"modified":"2024-12-10T00:06:19","modified_gmt":"2024-12-10T06:06:19","slug":"el-ajuste-de-cuentas","status":"publish","type":"post","link":"https:\/\/politicosaldesnudo.com.mx\/index.php\/2024\/12\/10\/el-ajuste-de-cuentas\/","title":{"rendered":"El ajuste de cuentas"},"content":{"rendered":"<p><strong>Por Aurelio Contreras Moreno<\/strong><\/p>\n<p>Este fin de semana se difundi\u00f3 una medida tomada por el gobierno de Veracruz<br \/>\nque, si bien es positiva de entrada, parece m\u00e1s bien el adelanto de una escalada<br \/>\nde ajustes de cuentas internas en el grupo gobernante.<br \/>\nEl pasado 5 de diciembre, el nuevo secretario de Seguridad P\u00fablica estatal,<br \/>\nAlfonso Reyes Garc\u00e9s, orden\u00f3 restringir el uso de gr\u00faas de empresas privadas<br \/>\npara tareas viales, lo que en los \u00faltimos a\u00f1os se ha hab\u00eda convertido no solamente<br \/>\nen un jugoso negociazo, sino en una mafia en la que los ciudadanos sufr\u00edan una<br \/>\nsuerte de extorsi\u00f3n al m\u00e1s puro estilo del crimen organizado.<br \/>\nDe acuerdo con el oficio SSP\/SP\/DIC\/011\/2024, enviado al subsecretario de<br \/>\nOperaciones de Seguridad P\u00fablica y al director general de Tr\u00e1nsito y Seguridad<br \/>\nVial, el servicio de gr\u00faas ser\u00e1 usado en adelante \u00fanicamente en \u201ccasos que sean<br \/>\nnecesarios con motivo de un siniestro, accidente de tr\u00e1nsito, en el aseguramiento<br \/>\nde objetos ante un hecho delictivo o que sea utilizado en la comisi\u00f3n de un delito,<br \/>\no bien cuando el conductor se encuentre bajo los efectos del alcohol o alguna<br \/>\nsustancia prohibida (narc\u00f3ticos) y no se encuentre presente persona alguna de su<br \/>\nconfianza que pueda hacerse cargo del mismo\u201d.<br \/>\nDe igual manera, el funcionario instruye a sus subalternos que para usar el<br \/>\nservicio de gr\u00faas privadas deber\u00e1n coordinarse con el Centro Estatal de Control,<br \/>\nComando, Comunicaciones y C\u00f3mputo (C-4) para que solamente se utilicen<br \/>\nempresas de servicios de transporte de gr\u00faas concesionadas.<br \/>\nLo que deber\u00eda haber sido un muy simple y hasta normal ordenamiento de un<br \/>\nservicio p\u00fablico y del apoyo que para el mismo pueden ofrecer entes privados, fue<br \/>\nen realidad el primer golpe real de la administraci\u00f3n de Roc\u00edo Nahle contra la de<br \/>\nsu antecesor, el impresentable \u2013y todav\u00eda sin el hueso prometido por Claudia<br \/>\nSheinbaum- Cuitl\u00e1huac Garc\u00eda, quien permiti\u00f3 que los automovilistas fueran<br \/>\nrehenes durante todo su sexenio de la mafia de las gr\u00faas, que llegaban a cobrar<br \/>\nvarios miles pesos por un arrastre, como fue evidenciado muchas veces por los<br \/>\nmedios de comunicaci\u00f3n en distintos puntos del estado.<br \/>\nSiempre fue m\u00e1s que un secreto a voces que quien realmente estaba detr\u00e1s de<br \/>\nese negocio \u2013y que recibi\u00f3 millonarios recursos por esa v\u00eda- era el alguna vez muy<br \/>\npoderoso exsecretario de Gobierno, Eric Patrocinio Cisneros Burgos, hoy ca\u00eddo en<br \/>\ndesgracia pol\u00edtica por haberse cre\u00eddo que las pod\u00eda solo y que ten\u00eda con qu\u00e9 ser<br \/>\ngobernador de Veracruz.<br \/>\nCisneros lleg\u00f3 hace seis a\u00f1os como personero de la propia Roc\u00edo Nahle al<br \/>\ngobierno de Veracruz y desde entonces, fue quien verdaderamente gobern\u00f3 la<br \/>\nentidad, reduciendo a Cuitl\u00e1huac Garc\u00eda a un penoso papel de \u201cflorero\u201d, incapaz<br \/>\nde hacer valer la investidura. Quiz\u00e1s por eso prefiri\u00f3 dedicarse a bailar, a chapear<br \/>\ncamellones y a entregarse a la \u201cvida loca\u201d.<br \/>\nAcumul\u00f3 Eric Cisneros tal cantidad de poder, que pens\u00f3 que ten\u00eda alguna<br \/>\nposibilidad de disputar una candidatura que estaba decidida desde el principio del<br \/>\nanterior sexenio por quien manda en Morena \u2013porque ah\u00ed solo cuenta el voto de<\/p>\n<p>ese \u201cdedito\u201d-. Y se atrevi\u00f3 a hacerle una guerra intestina a Nahle usando recursos<br \/>\ndel propio gobierno. Algo que ahora est\u00e1n empezando a cobrarle. Por principio de<br \/>\ncuentas, echando abajo un negocio en el que se sabe est\u00e1n involucrados otros<br \/>\npersonajes de esferas no precisamente legales que muy probablemente reclamen<br \/>\nla p\u00e9rdida de su \u201cinversi\u00f3n\u201d.<br \/>\nY en cuanto se concrete la inevitable salida de Ver\u00f3nica Hern\u00e1ndez Giad\u00e1ns de la<br \/>\nFiscal\u00eda General del Estado, comenzar\u00e1 la verdadera cacer\u00eda.<br \/>\nPrimer asesinato pol\u00edtico del sexenio<br \/>\nTras sufrir un atentado a balazos, la noche de este lunes 9 de diciembre falleci\u00f3 el<br \/>\ndiputado federal por el distrito de Zongolica y alcalde con licencia de ese municipio<br \/>\nind\u00edgena Benito Aguas Atlahua, quien no sobrevivi\u00f3 a los impactos que recibi\u00f3 en<br \/>\nel t\u00f3rax y la cabeza.<br \/>\nA la semana de haber entrado en funciones, se registra el primer asesinato pol\u00edtico<br \/>\ndel sexenio de Roc\u00edo Nahle. Mal augurio.<\/p>\n<p><img data-recalc-dims=\"1\" loading=\"lazy\" decoding=\"async\" class=\"aligncenter size-full wp-image-52008\" src=\"https:\/\/i0.wp.com\/politicosaldesnudo.com.mx\/wp-content\/uploads\/2024\/12\/FIRMA-EDITORIAL-PD.jpg?resize=800%2C98&#038;ssl=1\" alt=\"\" width=\"800\" height=\"98\" srcset=\"https:\/\/i0.wp.com\/politicosaldesnudo.com.mx\/wp-content\/uploads\/2024\/12\/FIRMA-EDITORIAL-PD.jpg?w=1024&amp;ssl=1 1024w, https:\/\/i0.wp.com\/politicosaldesnudo.com.mx\/wp-content\/uploads\/2024\/12\/FIRMA-EDITORIAL-PD.jpg?resize=300%2C37&amp;ssl=1 300w, https:\/\/i0.wp.com\/politicosaldesnudo.com.mx\/wp-content\/uploads\/2024\/12\/FIRMA-EDITORIAL-PD.jpg?resize=768%2C94&amp;ssl=1 768w\" sizes=\"auto, (max-width: 800px) 100vw, 800px\" \/><\/p>\n","protected":false},"excerpt":{"rendered":"<p>Por Aurelio Contreras Moreno Este fin de semana se difundi\u00f3 una medida tomada por el gobierno de Veracruz que, si<\/p>\n","protected":false},"author":4,"featured_media":46001,"comment_status":"closed","ping_status":"closed","sticky":false,"template":"","format":"standard","meta":{"colormag_page_container_layout":"default_layout","colormag_page_sidebar_layout":"default_layout","_jetpack_memberships_contains_paid_content":false,"footnotes":"","jetpack_publicize_message":"","jetpack_publicize_feature_enabled":true,"jetpack_social_post_already_shared":false,"jetpack_social_options":{"image_generator_settings":{"template":"highway","default_image_id":0,"font":"","enabled":false},"version":2}},"categories":[26],"tags":[],"class_list":["post-52011","post","type-post","status-publish","format-standard","has-post-thumbnail","hentry","category-columnistas"],"jetpack_publicize_connections":[],"jetpack_featured_media_url":"https:\/\/i0.wp.com\/politicosaldesnudo.com.mx\/wp-content\/uploads\/2024\/09\/RUBICA-2.jpg?fit=800%2C445&ssl=1","jetpack-related-posts":[],"jetpack_sharing_enabled":true,"_links":{"self":[{"href":"https:\/\/politicosaldesnudo.com.mx\/index.php\/wp-json\/wp\/v2\/posts\/52011","targetHints":{"allow":["GET"]}}],"collection":[{"href":"https:\/\/politicosaldesnudo.com.mx\/index.php\/wp-json\/wp\/v2\/posts"}],"about":[{"href":"https:\/\/politicosaldesnudo.com.mx\/index.php\/wp-json\/wp\/v2\/types\/post"}],"author":[{"embeddable":true,"href":"https:\/\/politicosaldesnudo.com.mx\/index.php\/wp-json\/wp\/v2\/users\/4"}],"replies":[{"embeddable":true,"href":"https:\/\/politicosaldesnudo.com.mx\/index.php\/wp-json\/wp\/v2\/comments?post=52011"}],"version-history":[{"count":0,"href":"https:\/\/politicosaldesnudo.com.mx\/index.php\/wp-json\/wp\/v2\/posts\/52011\/revisions"}],"wp:featuredmedia":[{"embeddable":true,"href":"https:\/\/politicosaldesnudo.com.mx\/index.php\/wp-json\/wp\/v2\/media\/46001"}],"wp:attachment":[{"href":"https:\/\/politicosaldesnudo.com.mx\/index.php\/wp-json\/wp\/v2\/media?parent=52011"}],"wp:term":[{"taxonomy":"category","embeddable":true,"href":"https:\/\/politicosaldesnudo.com.mx\/index.php\/wp-json\/wp\/v2\/categories?post=52011"},{"taxonomy":"post_tag","embeddable":true,"href":"https:\/\/politicosaldesnudo.com.mx\/index.php\/wp-json\/wp\/v2\/tags?post=52011"}],"curies":[{"name":"wp","href":"https:\/\/api.w.org\/{rel}","templated":true}]}}