{"id":52017,"date":"2024-12-10T00:32:43","date_gmt":"2024-12-10T06:32:43","guid":{"rendered":"https:\/\/politicosaldesnudo.com.mx\/?p=52017"},"modified":"2024-12-10T00:32:43","modified_gmt":"2024-12-10T06:32:43","slug":"celebra-el-hospital-naval-su-30-aniversario","status":"publish","type":"post","link":"https:\/\/politicosaldesnudo.com.mx\/index.php\/2024\/12\/10\/celebra-el-hospital-naval-su-30-aniversario\/","title":{"rendered":"Celebra el Hospital Naval su 30 aniversario"},"content":{"rendered":"<p>Con una carrera atl\u00e9tica de 5 kil\u00f3metros, \u00abPor la Salud\u00bb, el Hospital Naval celebr\u00f3 su 30 aniversario, con una nutrida participaci\u00f3n de corredores, no solo de este municipio, sino tambi\u00e9n de los alrededores.<\/p>\n<p>El evento, que tuvo lugar sobre el bulevar, cont\u00f3 con la participaci\u00f3n de atletas de todas las edades, quienes demostraron su pasi\u00f3n por el running y su compromiso con la salud, el recorrido, de 5 kil\u00f3metros, present\u00f3 un trazado desafiante pero emocionante, que puso a prueba la resistencia y velocidad de los participantes.<\/p>\n<p>Adem\u00e1s de promover la actividad f\u00edsica, la carrera atl\u00e9tica sirvi\u00f3 como un espacio para celebrar la trayectoria del Hospital Naval, una instituci\u00f3n que ha brindado servicios de salud a la comunidad durante tres d\u00e9cadas.<\/p>\n<p>Los organizadores del evento agradecieron la participaci\u00f3n de todos los corredores y patrocinadores, y destacaron la importancia de fomentar h\u00e1bitos saludables en la poblaci\u00f3n, adem\u00e1s del compromiso social que tienen con la comunidad.<\/p>\n<p>Cabe destacar, que fueron premiados los tres primeros lugares de las categor\u00edas participantes, quienes adem\u00e1s recibieron su medalla del recuerdo, tambi\u00e9n hubo m\u00fasica en vivo, donde el grupo Tuxpe\u00f1o Materia Gris puso a bailar y a recordar a chicos y grandes.<\/p>\n","protected":false},"excerpt":{"rendered":"<p>Con una carrera atl\u00e9tica de 5 kil\u00f3metros, \u00abPor la Salud\u00bb, el Hospital Naval celebr\u00f3 su 30 aniversario, con una nutrida<\/p>\n","protected":false},"author":4,"featured_media":52018,"comment_status":"closed","ping_status":"closed","sticky":false,"template":"","format":"standard","meta":{"colormag_page_container_layout":"default_layout","colormag_page_sidebar_layout":"default_layout","_jetpack_memberships_contains_paid_content":false,"footnotes":"","jetpack_publicize_message":"","jetpack_publicize_feature_enabled":true,"jetpack_social_post_already_shared":false,"jetpack_social_options":{"image_generator_settings":{"template":"highway","default_image_id":0,"font":"","enabled":false},"version":2}},"categories":[1082],"tags":[],"class_list":["post-52017","post","type-post","status-publish","format-standard","has-post-thumbnail","hentry","category-tuxpan"],"jetpack_publicize_connections":[],"jetpack_featured_media_url":"https:\/\/i0.wp.com\/politicosaldesnudo.com.mx\/wp-content\/uploads\/2024\/12\/5c1.jpg?fit=1200%2C899&ssl=1","jetpack-related-posts":[],"jetpack_sharing_enabled":true,"_links":{"self":[{"href":"https:\/\/politicosaldesnudo.com.mx\/index.php\/wp-json\/wp\/v2\/posts\/52017","targetHints":{"allow":["GET"]}}],"collection":[{"href":"https:\/\/politicosaldesnudo.com.mx\/index.php\/wp-json\/wp\/v2\/posts"}],"about":[{"href":"https:\/\/politicosaldesnudo.com.mx\/index.php\/wp-json\/wp\/v2\/types\/post"}],"author":[{"embeddable":true,"href":"https:\/\/politicosaldesnudo.com.mx\/index.php\/wp-json\/wp\/v2\/users\/4"}],"replies":[{"embeddable":true,"href":"https:\/\/politicosaldesnudo.com.mx\/index.php\/wp-json\/wp\/v2\/comments?post=52017"}],"version-history":[{"count":0,"href":"https:\/\/politicosaldesnudo.com.mx\/index.php\/wp-json\/wp\/v2\/posts\/52017\/revisions"}],"wp:featuredmedia":[{"embeddable":true,"href":"https:\/\/politicosaldesnudo.com.mx\/index.php\/wp-json\/wp\/v2\/media\/52018"}],"wp:attachment":[{"href":"https:\/\/politicosaldesnudo.com.mx\/index.php\/wp-json\/wp\/v2\/media?parent=52017"}],"wp:term":[{"taxonomy":"category","embeddable":true,"href":"https:\/\/politicosaldesnudo.com.mx\/index.php\/wp-json\/wp\/v2\/categories?post=52017"},{"taxonomy":"post_tag","embeddable":true,"href":"https:\/\/politicosaldesnudo.com.mx\/index.php\/wp-json\/wp\/v2\/tags?post=52017"}],"curies":[{"name":"wp","href":"https:\/\/api.w.org\/{rel}","templated":true}]}}