{"id":52033,"date":"2024-12-10T00:46:35","date_gmt":"2024-12-10T06:46:35","guid":{"rendered":"https:\/\/politicosaldesnudo.com.mx\/?p=52033"},"modified":"2024-12-10T00:46:35","modified_gmt":"2024-12-10T06:46:35","slug":"medalla-belisario-dominguez-a-la-periodista-ninfa-deandar","status":"publish","type":"post","link":"https:\/\/politicosaldesnudo.com.mx\/index.php\/2024\/12\/10\/medalla-belisario-dominguez-a-la-periodista-ninfa-deandar\/","title":{"rendered":"Medalla Belisario Dom\u00ednguez a la periodista Ninfa De\u00e1ndar"},"content":{"rendered":"<p class=\"western\">La Comisi\u00f3n Medalla Belisario Dom\u00ednguez del Senado aprob\u00f3 otorgar este reconocimiento a la activista y periodista Ninfa Mar\u00eda De\u00e1ndar Mart\u00ednez, fundadora del peri\u00f3dico\u00a0<em>El Ma\u00f1ana<\/em>\u00a0de Nuevo Laredo.<\/p>\n<p class=\"western\">Al presentar el dictamen por el que otorga el galard\u00f3n en su edici\u00f3n 2023, la presidenta de esta instancia, Virginia Marie Maga\u00f1a, del PVEM, explic\u00f3 que la decisi\u00f3n se tomo despu\u00e9s de realizar un riguroso an\u00e1lisis de su trayectoria y su labor incansable como activista y periodista.<\/p>\n<p class=\"western\">Agreg\u00f3 que De\u00e1ndar ha dado muestra de su compromiso con la verdad y la justicia por d\u00e9cadas, en las cuales ha enfrentado desaf\u00edos para defender la libertad de expresi\u00f3n.<\/p>\n<p class=\"western\">Esta propuesta encarna los valores de muchas personas que han dado su vida para forjar la patria y est\u00e1 a la altura de los ideales que Belisario Dom\u00ednguez hizo suyos, como la valent\u00eda, honestidad y compromiso con el bienestar de M\u00e9xico.<\/p>\n<p class=\"western\">Tambi\u00e9n expuso que se otorg\u00f3 tras revisar las 208 propuestas recibidas, entre quienes estaban el empresario Carlos Slim, el obispo Samuel Ru\u00edz y el ex presidente Andr\u00e9s Manuel L\u00f3pez Obrador.<\/p>\n","protected":false},"excerpt":{"rendered":"<p>La Comisi\u00f3n Medalla Belisario Dom\u00ednguez del Senado aprob\u00f3 otorgar este reconocimiento a la activista y periodista Ninfa Mar\u00eda De\u00e1ndar Mart\u00ednez,<\/p>\n","protected":false},"author":4,"featured_media":52034,"comment_status":"closed","ping_status":"closed","sticky":false,"template":"","format":"standard","meta":{"colormag_page_container_layout":"default_layout","colormag_page_sidebar_layout":"default_layout","_jetpack_memberships_contains_paid_content":false,"footnotes":"","jetpack_publicize_message":"","jetpack_publicize_feature_enabled":true,"jetpack_social_post_already_shared":false,"jetpack_social_options":{"image_generator_settings":{"template":"highway","default_image_id":0,"font":"","enabled":false},"version":2}},"categories":[33],"tags":[],"class_list":["post-52033","post","type-post","status-publish","format-standard","has-post-thumbnail","hentry","category-nacional"],"jetpack_publicize_connections":[],"jetpack_featured_media_url":"https:\/\/i0.wp.com\/politicosaldesnudo.com.mx\/wp-content\/uploads\/2024\/12\/Ninfa-Deandar-Martinez.jpg?fit=739%2C415&ssl=1","jetpack-related-posts":[],"jetpack_sharing_enabled":true,"_links":{"self":[{"href":"https:\/\/politicosaldesnudo.com.mx\/index.php\/wp-json\/wp\/v2\/posts\/52033","targetHints":{"allow":["GET"]}}],"collection":[{"href":"https:\/\/politicosaldesnudo.com.mx\/index.php\/wp-json\/wp\/v2\/posts"}],"about":[{"href":"https:\/\/politicosaldesnudo.com.mx\/index.php\/wp-json\/wp\/v2\/types\/post"}],"author":[{"embeddable":true,"href":"https:\/\/politicosaldesnudo.com.mx\/index.php\/wp-json\/wp\/v2\/users\/4"}],"replies":[{"embeddable":true,"href":"https:\/\/politicosaldesnudo.com.mx\/index.php\/wp-json\/wp\/v2\/comments?post=52033"}],"version-history":[{"count":0,"href":"https:\/\/politicosaldesnudo.com.mx\/index.php\/wp-json\/wp\/v2\/posts\/52033\/revisions"}],"wp:featuredmedia":[{"embeddable":true,"href":"https:\/\/politicosaldesnudo.com.mx\/index.php\/wp-json\/wp\/v2\/media\/52034"}],"wp:attachment":[{"href":"https:\/\/politicosaldesnudo.com.mx\/index.php\/wp-json\/wp\/v2\/media?parent=52033"}],"wp:term":[{"taxonomy":"category","embeddable":true,"href":"https:\/\/politicosaldesnudo.com.mx\/index.php\/wp-json\/wp\/v2\/categories?post=52033"},{"taxonomy":"post_tag","embeddable":true,"href":"https:\/\/politicosaldesnudo.com.mx\/index.php\/wp-json\/wp\/v2\/tags?post=52033"}],"curies":[{"name":"wp","href":"https:\/\/api.w.org\/{rel}","templated":true}]}}