{"id":52062,"date":"2024-12-10T15:38:13","date_gmt":"2024-12-10T21:38:13","guid":{"rendered":"https:\/\/politicosaldesnudo.com.mx\/?p=52062"},"modified":"2024-12-10T15:38:13","modified_gmt":"2024-12-10T21:38:13","slug":"llama-sheinbaum-a-gobernadores-a-asumir-personalmente-la-responsabilidad-de-la-seguridad","status":"publish","type":"post","link":"https:\/\/politicosaldesnudo.com.mx\/index.php\/2024\/12\/10\/llama-sheinbaum-a-gobernadores-a-asumir-personalmente-la-responsabilidad-de-la-seguridad\/","title":{"rendered":"Llama Sheinbaum a gobernadores a asumir personalmente la responsabilidad de la seguridad"},"content":{"rendered":"<p>Tras recibir el respaldo un\u00e1nime de los gobernadores a la pol\u00edtica de paz y a la estrategia de seguridad federal, la presidenta Claudia Sheinbaum Pardo resalt\u00f3 la importancia de la coordinaci\u00f3n para disminuir los \u00edndices de inseguridad; pidi\u00f3 a los mandatarios asumir personalmente esa responsabilidad.<\/p>\n<p>\u201cNo hay divisi\u00f3n pol\u00edtica, no hay politiquer\u00eda que valga, tenemos que caminar juntos en este proceso\u201d, se\u00f1al\u00f3 al encabezar por primera vez el Consejo Nacional de Seguridad.<\/p>\n<p>\u201cJuntos vamos a salir adelante. No hay nada que nos pueda detener, vamos a dar m\u00e1s resultados\u201d con la coordinaci\u00f3n, dijo y llam\u00f3 a los mandatarios a encabezar personalmente, todos los d\u00edas, los gabinetes de seguridad.<\/p>\n<p>La Presidenta llam\u00f3 a los gobernadores a atender todos los d\u00edas el gabinete de seguridad. \u201cLas y los gobernadores deben asumir esa responsabilidad. Con todo respeto, ah\u00ed donde el gobernador no est\u00e1 presente, se nota. No es suficiente con atender un d\u00eda a la semana, hay que estar diario. Es un respetuoso mensaje, consejo de una abuelita presidenta de la Rep\u00fablica\u201d, brome\u00f3.<\/p>\n<p>Estoy convencida, insisti\u00f3, \u201cque va a funcionar la estrategia. Ya tenemos resultados en muchas \u00e1reas. El llamado final a es que juntos y juntas vamos a poder\u201d.<\/p>\n<p>La mandataria indic\u00f3 que la tarea es evitar que cualquier joven se una un grupo delictivo y tambi\u00e9n a combatir la impunidad. \u201cTenemos que lograr como Estado mexicano que delito grave que se cometa en el pa\u00eds, sea sancionado\u201d.<\/p>\n<p>La secretaria de Gobernaci\u00f3n, Rosa Icela Rodr\u00edguez, invit\u00f3 a los gobernadores y presidentes municipales a sumarme a las brigadas de paz, que buscan transformar las zonas de alta marginaci\u00f3n y vulnerabilidad en zonas de paz. \u201cNo venimos a ganar la guerra, venimos a construir la paz\u201d, subray\u00f3.<\/p>\n<p>Deseamos que se sumen todas y todos, gobernadores, empresarios, maestros, Iglesia, entre otros, mencion\u00f3.<\/p>\n<p>Asegur\u00f3 que si se satisfacen las necesidades de la poblaci\u00f3n, \u201chabr\u00e1 menos razones para que los j\u00f3venes no sean cooptados por grupos delictivos\u201d.<\/p>\n<p>Resalt\u00f3 que atender las causas que originan la violencia \u201cnos permitir\u00e1 ir avanzando en la construcci\u00f3n de paz\u201d.<\/p>\n<p>A su vez, el secretario de Seguridad P\u00fablica y Protecci\u00f3n Ciudadana, Omar Garc\u00eda Harfuch, resalt\u00f3 que para lograr la paz duradera en el pa\u00eds, se debe asumir que la seguridad es una tarea compartida.<\/p>\n<p>\u201cSabemos la complejidad de pacificar al pa\u00eds, y no se va a resolver la seguridad de un d\u00eda para otro, pero hemos visto que con estrategia se est\u00e1n alcanzando resultados\u201d.<\/p>\n<p>Dijo que la actual estrategia de seguridad da continuidad a los logros alcanzados con anterioridad con cuatro ejes sustantivos: atenci\u00f3n a las causas; consolidaci\u00f3n de la Guardia Nacional, fortalecimiento de inteligencia e investigaci\u00f3n, as\u00ed como coordinaci\u00f3n.<\/p>\n<p>Por su parte, el fiscal General de la Rep\u00fablica, Alejando Gertz Manero, resalt\u00f3 el cambio sustantivo en el Estado mexicano, al se\u00f1alar que en \u201c14 a\u00f1os de crecimiento de delitos hemos logrado detener esa din\u00e1mica que parec\u00eda incontenible\u201d.<\/p>\n<p>Agradeci\u00f3 al ex presidente Andr\u00e9s Manuel L\u00f3pez Obrador \u201chaber puesto todas las bases para lograr lo que ahora estamos haciendo\u201d.<\/p>\n<p>Afirm\u00f3 el compromiso para hacer un frente com\u00fan y dar \u201cla pelea en lo que estamos comprometidos\u201d.<\/p>\n<p>A la 50 sesi\u00f3n ordinaria acudieron 29 gobernadores y la jefa de Gobierno de la Ciudad de M\u00e9xico. No llegaron los mandatarios de Tlaxcala, la morenista Lorena Cu\u00e9llar; ni de Coahuila, el priista Manolo Jim\u00e9nez.<\/p>\n<p>En esta sesi\u00f3n, los titulares de ejecutivos locales recibieron a la presidenta Sheinbaum Pardo con un prolongado aplausos.<\/p>\n<p>La gobernadora de Guerrero, Evelyn Salgado, subray\u00f3 el respaldo un\u00e1nime a la pol\u00edtica de paz y la confianza renovada a la pol\u00edtica de seguridad.<\/p>\n<p>\u201cHoy todos los gobernadores de la corriente e ideolog\u00eda que sea nos estamos sumando a la estrategia; lo hacemos porque tenemos bien puesta la camiseta de M\u00e9xico, todos y todas\u201d, indic\u00f3.<\/p>\n<p>La mandataria insisti\u00f3 en la coordinaci\u00f3n y en la estrategia de de construcci\u00f3n de paz con especial \u00e9nfasis para atender sobre todo en las zonas donde haya m\u00e1s \u00edndices de inseguridad o violencia.<\/p>\n<p>As\u00ed como se fortalece la Guardia Nacional, convoc\u00f3 al fortalecimiento de polic\u00edas estatales y municipales . Lo primero es evitar cualquier colusi\u00f3n con el crimen.<\/p>\n","protected":false},"excerpt":{"rendered":"<p>Tras recibir el respaldo un\u00e1nime de los gobernadores a la pol\u00edtica de paz y a la estrategia de seguridad federal,<\/p>\n","protected":false},"author":4,"featured_media":52063,"comment_status":"closed","ping_status":"closed","sticky":false,"template":"","format":"standard","meta":{"colormag_page_container_layout":"default_layout","colormag_page_sidebar_layout":"default_layout","_jetpack_memberships_contains_paid_content":false,"footnotes":"","jetpack_publicize_message":"","jetpack_publicize_feature_enabled":true,"jetpack_social_post_already_shared":false,"jetpack_social_options":{"image_generator_settings":{"template":"highway","default_image_id":0,"font":"","enabled":false},"version":2}},"categories":[33],"tags":[],"class_list":["post-52062","post","type-post","status-publish","format-standard","has-post-thumbnail","hentry","category-nacional"],"jetpack_publicize_connections":[],"jetpack_featured_media_url":"https:\/\/i0.wp.com\/politicosaldesnudo.com.mx\/wp-content\/uploads\/2024\/12\/seg-she.jpg?fit=787%2C519&ssl=1","jetpack-related-posts":[],"jetpack_sharing_enabled":true,"_links":{"self":[{"href":"https:\/\/politicosaldesnudo.com.mx\/index.php\/wp-json\/wp\/v2\/posts\/52062","targetHints":{"allow":["GET"]}}],"collection":[{"href":"https:\/\/politicosaldesnudo.com.mx\/index.php\/wp-json\/wp\/v2\/posts"}],"about":[{"href":"https:\/\/politicosaldesnudo.com.mx\/index.php\/wp-json\/wp\/v2\/types\/post"}],"author":[{"embeddable":true,"href":"https:\/\/politicosaldesnudo.com.mx\/index.php\/wp-json\/wp\/v2\/users\/4"}],"replies":[{"embeddable":true,"href":"https:\/\/politicosaldesnudo.com.mx\/index.php\/wp-json\/wp\/v2\/comments?post=52062"}],"version-history":[{"count":0,"href":"https:\/\/politicosaldesnudo.com.mx\/index.php\/wp-json\/wp\/v2\/posts\/52062\/revisions"}],"wp:featuredmedia":[{"embeddable":true,"href":"https:\/\/politicosaldesnudo.com.mx\/index.php\/wp-json\/wp\/v2\/media\/52063"}],"wp:attachment":[{"href":"https:\/\/politicosaldesnudo.com.mx\/index.php\/wp-json\/wp\/v2\/media?parent=52062"}],"wp:term":[{"taxonomy":"category","embeddable":true,"href":"https:\/\/politicosaldesnudo.com.mx\/index.php\/wp-json\/wp\/v2\/categories?post=52062"},{"taxonomy":"post_tag","embeddable":true,"href":"https:\/\/politicosaldesnudo.com.mx\/index.php\/wp-json\/wp\/v2\/tags?post=52062"}],"curies":[{"name":"wp","href":"https:\/\/api.w.org\/{rel}","templated":true}]}}