{"id":52065,"date":"2024-12-10T15:44:17","date_gmt":"2024-12-10T21:44:17","guid":{"rendered":"https:\/\/politicosaldesnudo.com.mx\/?p=52065"},"modified":"2024-12-10T15:44:17","modified_gmt":"2024-12-10T21:44:17","slug":"senado-prorroga-al-15-de-diciembre-inscripcion-para-eleccion-judicial","status":"publish","type":"post","link":"https:\/\/politicosaldesnudo.com.mx\/index.php\/2024\/12\/10\/senado-prorroga-al-15-de-diciembre-inscripcion-para-eleccion-judicial\/","title":{"rendered":"Senado prorroga al 15 de diciembre inscripci\u00f3n para elecci\u00f3n judicial"},"content":{"rendered":"<p>El Senado dar\u00e1 una pr\u00f3rroga hasta el pr\u00f3ximo d\u00eda 15 de diciembre a aquellos jueces y magistrados que decidieron dar marcha atr\u00e1s a su decisi\u00f3n primera de no participar en el proceso comicial extraordinario del 2025 en que se elegir\u00e1 a trav\u00e9s del voto popular a los juzgadores.<\/p>\n<p>El acuerdo se tom\u00f3 en la mesa directiva de esa c\u00e1mara, despu\u00e9s de que hasta el momento m\u00e1s de 50 titulares de juzgados y tribunales solicitaron de \u00faltimo momento inscribirse para contender en las urnas por una plaza, despu\u00e9s de que a principios de noviembre, los 850 jueces y magistrados declinaron en masa participar.<\/p>\n<p>El presidente de la mesa directiva del Senado, Gerardo Fern\u00e1ndez Noro\u00f1a, coment\u00f3 que hubo un acuerdo de las fuerzas pol\u00edticas para permitir que ese medio centenar de juzgadores recuperen su derecho a participar \u201ccon pase directo\u201d a esa elecci\u00f3n del pr\u00f3ximo a\u00f1o.<\/p>\n<p>\u201cY m\u00e1s todav\u00eda vamos a dar un plazo de aqu\u00ed al 15 que se publica la lista definitiva para que si alguna persona juzgadora que originalmente desisti\u00f3 de participar\u201d, rectifica esa decisi\u00f3n, \u201c lo pueda hacer con pleno derecho como la Constituci\u00f3n se lo otorga\u201d.<\/p>\n<p>Expuso que originalmente el \u00e1rea jur\u00eddica del Senado hab\u00eda expresado que con la declinaci\u00f3n se perdi\u00f3 su derecho a contender, pero no puede pasarse por alto que el sentido de la reforma judicial, que es ya mandato constitucional es que en el caso de jueces y magistrados, tengan pase directo \u201cy si ellos pues reconsideraron y quieren participar, pues que participen\u201d.<\/p>\n<p>Los juzgadores podr\u00e1n n retirar su desistimiento y tener su pase directo a la elecci\u00f3n de 2025. Aclar\u00f3 que entre los 50 arrepentidos no hay ning\u00fan ministro de la Suprema Corte de los que declinaro. S\u00f3lo jueces y magistrados.<\/p>\n<p>Fern\u00e1ndez Noro\u00f1a aclar\u00f3 que en el art\u00edculo quinto de la convocatoria expedida por el Senado ss contempla la posibilidad de desistir de la declinaci\u00f3n, adem\u00e1s de que se precisa tambi\u00e9n que ese \u00f3rgano puede resolver sobre lo no previsto.<\/p>\n","protected":false},"excerpt":{"rendered":"<p>El Senado dar\u00e1 una pr\u00f3rroga hasta el pr\u00f3ximo d\u00eda 15 de diciembre a aquellos jueces y magistrados que decidieron dar<\/p>\n","protected":false},"author":4,"featured_media":52066,"comment_status":"closed","ping_status":"closed","sticky":false,"template":"","format":"standard","meta":{"colormag_page_container_layout":"default_layout","colormag_page_sidebar_layout":"default_layout","_jetpack_memberships_contains_paid_content":false,"footnotes":"","jetpack_publicize_message":"","jetpack_publicize_feature_enabled":true,"jetpack_social_post_already_shared":false,"jetpack_social_options":{"image_generator_settings":{"template":"highway","default_image_id":0,"font":"","enabled":false},"version":2}},"categories":[33],"tags":[],"class_list":["post-52065","post","type-post","status-publish","format-standard","has-post-thumbnail","hentry","category-nacional"],"jetpack_publicize_connections":[],"jetpack_featured_media_url":"https:\/\/i0.wp.com\/politicosaldesnudo.com.mx\/wp-content\/uploads\/2024\/12\/sd.jpg?fit=1024%2C731&ssl=1","jetpack-related-posts":[],"jetpack_sharing_enabled":true,"_links":{"self":[{"href":"https:\/\/politicosaldesnudo.com.mx\/index.php\/wp-json\/wp\/v2\/posts\/52065","targetHints":{"allow":["GET"]}}],"collection":[{"href":"https:\/\/politicosaldesnudo.com.mx\/index.php\/wp-json\/wp\/v2\/posts"}],"about":[{"href":"https:\/\/politicosaldesnudo.com.mx\/index.php\/wp-json\/wp\/v2\/types\/post"}],"author":[{"embeddable":true,"href":"https:\/\/politicosaldesnudo.com.mx\/index.php\/wp-json\/wp\/v2\/users\/4"}],"replies":[{"embeddable":true,"href":"https:\/\/politicosaldesnudo.com.mx\/index.php\/wp-json\/wp\/v2\/comments?post=52065"}],"version-history":[{"count":0,"href":"https:\/\/politicosaldesnudo.com.mx\/index.php\/wp-json\/wp\/v2\/posts\/52065\/revisions"}],"wp:featuredmedia":[{"embeddable":true,"href":"https:\/\/politicosaldesnudo.com.mx\/index.php\/wp-json\/wp\/v2\/media\/52066"}],"wp:attachment":[{"href":"https:\/\/politicosaldesnudo.com.mx\/index.php\/wp-json\/wp\/v2\/media?parent=52065"}],"wp:term":[{"taxonomy":"category","embeddable":true,"href":"https:\/\/politicosaldesnudo.com.mx\/index.php\/wp-json\/wp\/v2\/categories?post=52065"},{"taxonomy":"post_tag","embeddable":true,"href":"https:\/\/politicosaldesnudo.com.mx\/index.php\/wp-json\/wp\/v2\/tags?post=52065"}],"curies":[{"name":"wp","href":"https:\/\/api.w.org\/{rel}","templated":true}]}}