{"id":52068,"date":"2024-12-10T15:48:01","date_gmt":"2024-12-10T21:48:01","guid":{"rendered":"https:\/\/politicosaldesnudo.com.mx\/?p=52068"},"modified":"2024-12-10T15:48:01","modified_gmt":"2024-12-10T21:48:01","slug":"se-recupera-lula-da-silva-tras-operacion","status":"publish","type":"post","link":"https:\/\/politicosaldesnudo.com.mx\/index.php\/2024\/12\/10\/se-recupera-lula-da-silva-tras-operacion\/","title":{"rendered":"Se recupera Lula da Silva tras operaci\u00f3n"},"content":{"rendered":"<p>El presidente de Brasil, Luiz In\u00e1cio Lula da Silva, de 79 a\u00f1os, se encuentra \u00abestable\u00bb y \u00absin secuelas\u00bb tras ser operado de emergencia la madrugada del martes en Sao Paulo por una \u00abhemorragia intracraneal\u00bb, inform\u00f3 su equipo m\u00e9dico.<\/p>\n<p>Lula \u00abest\u00e1 estable, conversando normalmente y aliment\u00e1ndose\u00bb y \u00abno tuvo secuela alguna\u00bb, dijo en conferencia de prensa el doctor Roberto Kalil, que estim\u00f3 que el mandatario permanecer\u00e1 en el hospital recuper\u00e1ndose hasta \u00abla semana pr\u00f3xima\u00bb.<\/p>\n<p>&nbsp;<\/p>\n","protected":false},"excerpt":{"rendered":"<p>El presidente de Brasil, Luiz In\u00e1cio Lula da Silva, de 79 a\u00f1os, se encuentra \u00abestable\u00bb y \u00absin secuelas\u00bb tras ser<\/p>\n","protected":false},"author":4,"featured_media":52069,"comment_status":"closed","ping_status":"closed","sticky":false,"template":"","format":"standard","meta":{"colormag_page_container_layout":"default_layout","colormag_page_sidebar_layout":"default_layout","_jetpack_memberships_contains_paid_content":false,"footnotes":"","jetpack_publicize_message":"","jetpack_publicize_feature_enabled":true,"jetpack_social_post_already_shared":false,"jetpack_social_options":{"image_generator_settings":{"template":"highway","default_image_id":0,"font":"","enabled":false},"version":2}},"categories":[28],"tags":[],"class_list":["post-52068","post","type-post","status-publish","format-standard","has-post-thumbnail","hentry","category-internacional"],"jetpack_publicize_connections":[],"jetpack_featured_media_url":"https:\/\/i0.wp.com\/politicosaldesnudo.com.mx\/wp-content\/uploads\/2024\/12\/lula-da-silva-se-recupera-luego-de-cirugia-por-hemorragia.jpg?fit=1200%2C633&ssl=1","jetpack-related-posts":[],"jetpack_sharing_enabled":true,"_links":{"self":[{"href":"https:\/\/politicosaldesnudo.com.mx\/index.php\/wp-json\/wp\/v2\/posts\/52068","targetHints":{"allow":["GET"]}}],"collection":[{"href":"https:\/\/politicosaldesnudo.com.mx\/index.php\/wp-json\/wp\/v2\/posts"}],"about":[{"href":"https:\/\/politicosaldesnudo.com.mx\/index.php\/wp-json\/wp\/v2\/types\/post"}],"author":[{"embeddable":true,"href":"https:\/\/politicosaldesnudo.com.mx\/index.php\/wp-json\/wp\/v2\/users\/4"}],"replies":[{"embeddable":true,"href":"https:\/\/politicosaldesnudo.com.mx\/index.php\/wp-json\/wp\/v2\/comments?post=52068"}],"version-history":[{"count":0,"href":"https:\/\/politicosaldesnudo.com.mx\/index.php\/wp-json\/wp\/v2\/posts\/52068\/revisions"}],"wp:featuredmedia":[{"embeddable":true,"href":"https:\/\/politicosaldesnudo.com.mx\/index.php\/wp-json\/wp\/v2\/media\/52069"}],"wp:attachment":[{"href":"https:\/\/politicosaldesnudo.com.mx\/index.php\/wp-json\/wp\/v2\/media?parent=52068"}],"wp:term":[{"taxonomy":"category","embeddable":true,"href":"https:\/\/politicosaldesnudo.com.mx\/index.php\/wp-json\/wp\/v2\/categories?post=52068"},{"taxonomy":"post_tag","embeddable":true,"href":"https:\/\/politicosaldesnudo.com.mx\/index.php\/wp-json\/wp\/v2\/tags?post=52068"}],"curies":[{"name":"wp","href":"https:\/\/api.w.org\/{rel}","templated":true}]}}