{"id":52087,"date":"2024-12-11T00:20:52","date_gmt":"2024-12-11T06:20:52","guid":{"rendered":"https:\/\/politicosaldesnudo.com.mx\/?p=52087"},"modified":"2024-12-11T00:20:52","modified_gmt":"2024-12-11T06:20:52","slug":"invitan-a-cuidar-las-velas-gigantes","status":"publish","type":"post","link":"https:\/\/politicosaldesnudo.com.mx\/index.php\/2024\/12\/11\/invitan-a-cuidar-las-velas-gigantes\/","title":{"rendered":"Invitan a cuidar las velas gigantes"},"content":{"rendered":"<p>Un total de 41 velas gigantes fueron instaladas sobre el boulevard, como parte de un atractivo tur\u00edstico m\u00e1s en este puerto, donde se sumaron empresarios y prestadores de servicios de diversos giros comerciales, inform\u00f3 uno de los integrantes del comit\u00e9 de Promoci\u00f3n Tur\u00edstica; Protur, Jos\u00e9 \u00c1ngel Pineda.<\/p>\n<p>Explic\u00f3 que cada vela, cuenta con un c\u00f3digo QR, con la historia de la conmemoraci\u00f3n del D\u00eda del Ni\u00f1o Perdido, puesto que este es el motivo principal por el cu\u00e1l nace este proyecto, que en 2023 fue un \u00e9xito, por lo anterior los integrantes del comit\u00e9, solicitan atentamente a la ciudadan\u00eda a que las cuiden, que nos las maltraten y tampoco se las vayan a llevar a sus casas.<\/p>\n<p>Mencion\u00f3 que, escaneando el c\u00f3digo, los ciudadanos podr\u00e1n conocer toda la informaci\u00f3n referente a esta festividad que naci\u00f3 en Tuxpan entre el a\u00f1o 1915 y 1920, lo que representa un referente \u00fanico para el municipio y que, gracias a la conmemoraci\u00f3n Tuxpe\u00f1a, ya cientos de municipios en todo el pa\u00eds lo est\u00e1n celebrando.<\/p>\n<p>\u00abEn este proyecto participan diversos empresarios, hay restaurantes, hoteleros, servicios n\u00e1uticos, entre otros amigos que se sumaron para que todo esto fuera posible, para que puedan quedar durante todo el mes, por ello la solitud a la poblaci\u00f3n de que nos ayude a cuidarlas\u00bb, expres\u00f3.<\/p>\n<p>El entrevistado se\u00f1al\u00f3 que, ante el esfuerzo de varios ciudadanos para poder colocar este proyecto, es por ello por lo que piden la conciencia ciudadana, para poder cumplir con el cuidado de estas velas, las cuales cada una tiene la informaci\u00f3n de la persona que apoy\u00f3 para su colocaci\u00f3n, agradeciendo tambi\u00e9n a las autoridades municipales por el apoyo que les brind\u00f3.<\/p>\n","protected":false},"excerpt":{"rendered":"<p>Un total de 41 velas gigantes fueron instaladas sobre el boulevard, como parte de un atractivo tur\u00edstico m\u00e1s en este<\/p>\n","protected":false},"author":4,"featured_media":52088,"comment_status":"closed","ping_status":"closed","sticky":false,"template":"","format":"standard","meta":{"colormag_page_container_layout":"default_layout","colormag_page_sidebar_layout":"default_layout","_jetpack_memberships_contains_paid_content":false,"footnotes":"","jetpack_publicize_message":"","jetpack_publicize_feature_enabled":true,"jetpack_social_post_already_shared":false,"jetpack_social_options":{"image_generator_settings":{"template":"highway","default_image_id":0,"font":"","enabled":false},"version":2}},"categories":[1082],"tags":[],"class_list":["post-52087","post","type-post","status-publish","format-standard","has-post-thumbnail","hentry","category-tuxpan"],"jetpack_publicize_connections":[],"jetpack_featured_media_url":"https:\/\/i0.wp.com\/politicosaldesnudo.com.mx\/wp-content\/uploads\/2024\/12\/3c-2.jpg?fit=851%2C1200&ssl=1","jetpack-related-posts":[],"jetpack_sharing_enabled":true,"_links":{"self":[{"href":"https:\/\/politicosaldesnudo.com.mx\/index.php\/wp-json\/wp\/v2\/posts\/52087","targetHints":{"allow":["GET"]}}],"collection":[{"href":"https:\/\/politicosaldesnudo.com.mx\/index.php\/wp-json\/wp\/v2\/posts"}],"about":[{"href":"https:\/\/politicosaldesnudo.com.mx\/index.php\/wp-json\/wp\/v2\/types\/post"}],"author":[{"embeddable":true,"href":"https:\/\/politicosaldesnudo.com.mx\/index.php\/wp-json\/wp\/v2\/users\/4"}],"replies":[{"embeddable":true,"href":"https:\/\/politicosaldesnudo.com.mx\/index.php\/wp-json\/wp\/v2\/comments?post=52087"}],"version-history":[{"count":0,"href":"https:\/\/politicosaldesnudo.com.mx\/index.php\/wp-json\/wp\/v2\/posts\/52087\/revisions"}],"wp:featuredmedia":[{"embeddable":true,"href":"https:\/\/politicosaldesnudo.com.mx\/index.php\/wp-json\/wp\/v2\/media\/52088"}],"wp:attachment":[{"href":"https:\/\/politicosaldesnudo.com.mx\/index.php\/wp-json\/wp\/v2\/media?parent=52087"}],"wp:term":[{"taxonomy":"category","embeddable":true,"href":"https:\/\/politicosaldesnudo.com.mx\/index.php\/wp-json\/wp\/v2\/categories?post=52087"},{"taxonomy":"post_tag","embeddable":true,"href":"https:\/\/politicosaldesnudo.com.mx\/index.php\/wp-json\/wp\/v2\/tags?post=52087"}],"curies":[{"name":"wp","href":"https:\/\/api.w.org\/{rel}","templated":true}]}}