{"id":52090,"date":"2024-12-11T00:23:00","date_gmt":"2024-12-11T06:23:00","guid":{"rendered":"https:\/\/politicosaldesnudo.com.mx\/?p=52090"},"modified":"2024-12-11T00:23:00","modified_gmt":"2024-12-11T06:23:00","slug":"pavimentaciones-y-agua-encabezan-peticiones","status":"publish","type":"post","link":"https:\/\/politicosaldesnudo.com.mx\/index.php\/2024\/12\/11\/pavimentaciones-y-agua-encabezan-peticiones\/","title":{"rendered":"Pavimentaciones y agua, encabezan peticiones"},"content":{"rendered":"<p>Ante el cierre de a\u00f1o, ciudadanos de diversas colonias y comunidades ya se dieron cita en el Palacio Municipal para hacer sus solicitudes, para ser considerados en el siguiente paquete de obras que presentar\u00e1n las autoridades para 2025, \u00faltimo a\u00f1o de la presente administraci\u00f3n, confirm\u00f3 el Director de Desarrollo Social Jes\u00fas Carballo.<\/p>\n<p>Dijo que ante el atraso en obra que presentaba el municipio, las necesidades de la poblaci\u00f3n crecieron exponencialmente, pero es compromiso de este gobierno seguir solucionando los problemas prioritarios de la ciudadan\u00eda.<\/p>\n<p>\u00abLa gente pide pavimentos, donde ya hay la dem\u00e1s infraestructura, requiere drenajes, agua potable, tanques elevados, domos, entre otras necesidades, pero no dudo en que la obra p\u00fablica de 2025 sea de gran beneficio para toda la comunidad, sobre todo por la gran contribuci\u00f3n que est\u00e1n haciendo los ciudadanos y las ciudadanas para con el gobierno\u00bb, explic\u00f3.<\/p>\n<p>Destac\u00f3 que este tipo de participaci\u00f3n ciudadana es fundamental para que las autoridades puedan conocer las necesidades reales de la poblaci\u00f3n y as\u00ed destinar los recursos de manera eficiente.<\/p>\n<p>Se\u00f1al\u00f3 que, a nivel personal, continuar\u00e1 cercano a la ciudadan\u00eda, en territorio, visitando colonias y comunidades para atender las necesidades que vayan surgiendo, y las que ya tienen programadas.<\/p>\n","protected":false},"excerpt":{"rendered":"<p>Ante el cierre de a\u00f1o, ciudadanos de diversas colonias y comunidades ya se dieron cita en el Palacio Municipal para<\/p>\n","protected":false},"author":4,"featured_media":52091,"comment_status":"closed","ping_status":"closed","sticky":false,"template":"","format":"standard","meta":{"colormag_page_container_layout":"default_layout","colormag_page_sidebar_layout":"default_layout","_jetpack_memberships_contains_paid_content":false,"footnotes":"","jetpack_publicize_message":"","jetpack_publicize_feature_enabled":true,"jetpack_social_post_already_shared":false,"jetpack_social_options":{"image_generator_settings":{"template":"highway","default_image_id":0,"font":"","enabled":false},"version":2}},"categories":[1082],"tags":[],"class_list":["post-52090","post","type-post","status-publish","format-standard","has-post-thumbnail","hentry","category-tuxpan"],"jetpack_publicize_connections":[],"jetpack_featured_media_url":"https:\/\/i0.wp.com\/politicosaldesnudo.com.mx\/wp-content\/uploads\/2024\/12\/82913fa8-8b44-45ed-923a-552ed6d41d81.jpg?fit=1280%2C853&ssl=1","jetpack-related-posts":[],"jetpack_sharing_enabled":true,"_links":{"self":[{"href":"https:\/\/politicosaldesnudo.com.mx\/index.php\/wp-json\/wp\/v2\/posts\/52090","targetHints":{"allow":["GET"]}}],"collection":[{"href":"https:\/\/politicosaldesnudo.com.mx\/index.php\/wp-json\/wp\/v2\/posts"}],"about":[{"href":"https:\/\/politicosaldesnudo.com.mx\/index.php\/wp-json\/wp\/v2\/types\/post"}],"author":[{"embeddable":true,"href":"https:\/\/politicosaldesnudo.com.mx\/index.php\/wp-json\/wp\/v2\/users\/4"}],"replies":[{"embeddable":true,"href":"https:\/\/politicosaldesnudo.com.mx\/index.php\/wp-json\/wp\/v2\/comments?post=52090"}],"version-history":[{"count":0,"href":"https:\/\/politicosaldesnudo.com.mx\/index.php\/wp-json\/wp\/v2\/posts\/52090\/revisions"}],"wp:featuredmedia":[{"embeddable":true,"href":"https:\/\/politicosaldesnudo.com.mx\/index.php\/wp-json\/wp\/v2\/media\/52091"}],"wp:attachment":[{"href":"https:\/\/politicosaldesnudo.com.mx\/index.php\/wp-json\/wp\/v2\/media?parent=52090"}],"wp:term":[{"taxonomy":"category","embeddable":true,"href":"https:\/\/politicosaldesnudo.com.mx\/index.php\/wp-json\/wp\/v2\/categories?post=52090"},{"taxonomy":"post_tag","embeddable":true,"href":"https:\/\/politicosaldesnudo.com.mx\/index.php\/wp-json\/wp\/v2\/tags?post=52090"}],"curies":[{"name":"wp","href":"https:\/\/api.w.org\/{rel}","templated":true}]}}