{"id":52099,"date":"2024-12-11T00:30:02","date_gmt":"2024-12-11T06:30:02","guid":{"rendered":"https:\/\/politicosaldesnudo.com.mx\/?p=52099"},"modified":"2024-12-11T00:30:02","modified_gmt":"2024-12-11T06:30:02","slug":"avalan-reforma-que-regula-trabajo-de-repartidores-por-aplicacion","status":"publish","type":"post","link":"https:\/\/politicosaldesnudo.com.mx\/index.php\/2024\/12\/11\/avalan-reforma-que-regula-trabajo-de-repartidores-por-aplicacion\/","title":{"rendered":"Avalan reforma que regula trabajo de repartidores por aplicaci\u00f3n"},"content":{"rendered":"<p>Con el voto de todas las bancadas, la C\u00e1mara de Diputados aprob\u00f3 esta tarde la reforma a la Ley Federal del Trabajo que formaliza la relaci\u00f3n laboral entre empresas de reparto y de transporte por aplicaci\u00f3n y los repartidores y conductores.<\/p>\n<p>Durante la sesi\u00f3n, PAN y PRI presentaron reservas para que, al considerarlos como personal asalariado, los trabajadores no se les incremente el pago del ISR.<\/p>\n<p>Finalmente se acord\u00f3 que, adem\u00e1s de la prueba piloto de seis meses para la inscripci\u00f3n de los repartidores y conductores al Instituto Mexicano del Seguro Social, tambi\u00e9n en ese mismo periodo se revise que el Servicio de Administraci\u00f3n Tributaria no les cobre m\u00e1s impuestos.<\/p>\n<p>La presidenta de la Comisi\u00f3n del Trabajo, Maiella G\u00f3mez Maldonado (Morena), sostuvo que la reforma \u201creconoce una realidad ignorada durante demasiado tiempo\u201d, esto es que m\u00e1s de 2.5 millones de personas de este sector \u201claboran al margen de la Ley Federal del Trabajo\u201d.<\/p>\n<p>En esa condici\u00f3n, dijo, no cuentan con seguridad social y de otros derechos laborales, como atenci\u00f3n m\u00e9dica, acceso a vivienda ni protecci\u00f3n ante despidos injustificados, jubilaci\u00f3n, seguros por riesgo de trabajo, enfermedades e invalidez.<\/p>\n<p>\u201cCon esta reforma cambiamos ese paradigma y ahora ser\u00e1n reconocidos como trabajadores con derechos, acceso a seguridad, social, reparto de utilidades y la certeza de que su esfuerzo ser\u00e1 protegido por la ley. Todo lo anterior, con respeto a la esencia de este modelo de trabajo, que se caracteriza por la flexibilidad de horarios y jornadas\u201d, explic\u00f3.<\/p>\n","protected":false},"excerpt":{"rendered":"<p>Con el voto de todas las bancadas, la C\u00e1mara de Diputados aprob\u00f3 esta tarde la reforma a la Ley Federal<\/p>\n","protected":false},"author":4,"featured_media":52100,"comment_status":"closed","ping_status":"closed","sticky":false,"template":"","format":"standard","meta":{"colormag_page_container_layout":"default_layout","colormag_page_sidebar_layout":"default_layout","_jetpack_memberships_contains_paid_content":false,"footnotes":"","jetpack_publicize_message":"","jetpack_publicize_feature_enabled":true,"jetpack_social_post_already_shared":false,"jetpack_social_options":{"image_generator_settings":{"template":"highway","default_image_id":0,"font":"","enabled":false},"version":2}},"categories":[33],"tags":[],"class_list":["post-52099","post","type-post","status-publish","format-standard","has-post-thumbnail","hentry","category-nacional"],"jetpack_publicize_connections":[],"jetpack_featured_media_url":"https:\/\/i0.wp.com\/politicosaldesnudo.com.mx\/wp-content\/uploads\/2024\/12\/didi.jpg?fit=750%2C500&ssl=1","jetpack-related-posts":[],"jetpack_sharing_enabled":true,"_links":{"self":[{"href":"https:\/\/politicosaldesnudo.com.mx\/index.php\/wp-json\/wp\/v2\/posts\/52099","targetHints":{"allow":["GET"]}}],"collection":[{"href":"https:\/\/politicosaldesnudo.com.mx\/index.php\/wp-json\/wp\/v2\/posts"}],"about":[{"href":"https:\/\/politicosaldesnudo.com.mx\/index.php\/wp-json\/wp\/v2\/types\/post"}],"author":[{"embeddable":true,"href":"https:\/\/politicosaldesnudo.com.mx\/index.php\/wp-json\/wp\/v2\/users\/4"}],"replies":[{"embeddable":true,"href":"https:\/\/politicosaldesnudo.com.mx\/index.php\/wp-json\/wp\/v2\/comments?post=52099"}],"version-history":[{"count":0,"href":"https:\/\/politicosaldesnudo.com.mx\/index.php\/wp-json\/wp\/v2\/posts\/52099\/revisions"}],"wp:featuredmedia":[{"embeddable":true,"href":"https:\/\/politicosaldesnudo.com.mx\/index.php\/wp-json\/wp\/v2\/media\/52100"}],"wp:attachment":[{"href":"https:\/\/politicosaldesnudo.com.mx\/index.php\/wp-json\/wp\/v2\/media?parent=52099"}],"wp:term":[{"taxonomy":"category","embeddable":true,"href":"https:\/\/politicosaldesnudo.com.mx\/index.php\/wp-json\/wp\/v2\/categories?post=52099"},{"taxonomy":"post_tag","embeddable":true,"href":"https:\/\/politicosaldesnudo.com.mx\/index.php\/wp-json\/wp\/v2\/tags?post=52099"}],"curies":[{"name":"wp","href":"https:\/\/api.w.org\/{rel}","templated":true}]}}