{"id":52105,"date":"2024-12-11T00:34:35","date_gmt":"2024-12-11T06:34:35","guid":{"rendered":"https:\/\/politicosaldesnudo.com.mx\/?p=52105"},"modified":"2024-12-11T00:34:35","modified_gmt":"2024-12-11T06:34:35","slug":"avalan-en-san-lazaro-designacion-de-titular-del-oic-del-ine","status":"publish","type":"post","link":"https:\/\/politicosaldesnudo.com.mx\/index.php\/2024\/12\/11\/avalan-en-san-lazaro-designacion-de-titular-del-oic-del-ine\/","title":{"rendered":"Avalan en San L\u00e1zaro designaci\u00f3n de titular del OIC del INE"},"content":{"rendered":"<p>La C\u00e1mara de Diputados aprob\u00f3 este martes por unanimidad la designaci\u00f3n de V\u00edctor Hugo Carvente Contreras como nuevo titular del \u00d3rgano Interno de Control del Instituto Nacional Electoral (INE), propuesto por la Junta de Coordinaci\u00f3n Pol\u00edtica.<\/p>\n<p>Al ser votado en el pleno de San L\u00e1zaro el nombramiento de Carvente, \u00e9ste fue avalado por 436 votos de diputados de todos los grupos parlamentarios.<\/p>\n<p>Carvente se ha desempe\u00f1ado como contralor en diversos organismos p\u00fablicos, entre ellos el Colegio de Postgraduados, la Loter\u00eda Nacional y la alcald\u00eda Magdalena Contreras, adem\u00e1s de haber sido subdirector de gesti\u00f3n de usos alternos del Instituto de Administraci\u00f3n y Aval\u00faos de Bienes Nacionales.<\/p>\n<p>De igual manera, ingres\u00f3 a la Secretar\u00eda de la Funci\u00f3n P\u00fablica en el sexenio de Andr\u00e9s Manuel L\u00f3pez Obrador, con la administraci\u00f3n de la entonces secretaria Irma Er\u00e9ndira Sandoval, donde se desempe\u00f1\u00f3 como titular del \u00e1rea de auditor\u00eda interna, desarrollo y mejora de la gesti\u00f3n p\u00fablica.<\/p>\n<p>Fue ganador del primer lugar en el II Premio de Tesis de Licenciatura en Administraci\u00f3n P\u00fablica, con el trabajo titulado \u201cReestructuraciones de \u00f3rganos y funciones de combate al tr\u00e1fico de drogas. Procuradur\u00eda General de la Rep\u00fablica (1952-2012)\u201d.<\/p>\n<p>Tras el anuncio de su designaci\u00f3n, Carvente Contreras tom\u00f3 protesta de su cargo ante la Mesa Directiva de la C\u00e1mara.<\/p>\n","protected":false},"excerpt":{"rendered":"<p>La C\u00e1mara de Diputados aprob\u00f3 este martes por unanimidad la designaci\u00f3n de V\u00edctor Hugo Carvente Contreras como nuevo titular del<\/p>\n","protected":false},"author":4,"featured_media":52106,"comment_status":"closed","ping_status":"closed","sticky":false,"template":"","format":"standard","meta":{"colormag_page_container_layout":"default_layout","colormag_page_sidebar_layout":"default_layout","_jetpack_memberships_contains_paid_content":false,"footnotes":"","jetpack_publicize_message":"","jetpack_publicize_feature_enabled":true,"jetpack_social_post_already_shared":false,"jetpack_social_options":{"image_generator_settings":{"template":"highway","default_image_id":0,"font":"","enabled":false},"version":2}},"categories":[33],"tags":[],"class_list":["post-52105","post","type-post","status-publish","format-standard","has-post-thumbnail","hentry","category-nacional"],"jetpack_publicize_connections":[],"jetpack_featured_media_url":"https:\/\/i0.wp.com\/politicosaldesnudo.com.mx\/wp-content\/uploads\/2024\/12\/2024_12_10__09_54_06pm.jpg?fit=1600%2C1065&ssl=1","jetpack-related-posts":[],"jetpack_sharing_enabled":true,"_links":{"self":[{"href":"https:\/\/politicosaldesnudo.com.mx\/index.php\/wp-json\/wp\/v2\/posts\/52105","targetHints":{"allow":["GET"]}}],"collection":[{"href":"https:\/\/politicosaldesnudo.com.mx\/index.php\/wp-json\/wp\/v2\/posts"}],"about":[{"href":"https:\/\/politicosaldesnudo.com.mx\/index.php\/wp-json\/wp\/v2\/types\/post"}],"author":[{"embeddable":true,"href":"https:\/\/politicosaldesnudo.com.mx\/index.php\/wp-json\/wp\/v2\/users\/4"}],"replies":[{"embeddable":true,"href":"https:\/\/politicosaldesnudo.com.mx\/index.php\/wp-json\/wp\/v2\/comments?post=52105"}],"version-history":[{"count":0,"href":"https:\/\/politicosaldesnudo.com.mx\/index.php\/wp-json\/wp\/v2\/posts\/52105\/revisions"}],"wp:featuredmedia":[{"embeddable":true,"href":"https:\/\/politicosaldesnudo.com.mx\/index.php\/wp-json\/wp\/v2\/media\/52106"}],"wp:attachment":[{"href":"https:\/\/politicosaldesnudo.com.mx\/index.php\/wp-json\/wp\/v2\/media?parent=52105"}],"wp:term":[{"taxonomy":"category","embeddable":true,"href":"https:\/\/politicosaldesnudo.com.mx\/index.php\/wp-json\/wp\/v2\/categories?post=52105"},{"taxonomy":"post_tag","embeddable":true,"href":"https:\/\/politicosaldesnudo.com.mx\/index.php\/wp-json\/wp\/v2\/tags?post=52105"}],"curies":[{"name":"wp","href":"https:\/\/api.w.org\/{rel}","templated":true}]}}