{"id":52111,"date":"2024-12-11T00:47:13","date_gmt":"2024-12-11T06:47:13","guid":{"rendered":"https:\/\/politicosaldesnudo.com.mx\/?p=52111"},"modified":"2024-12-11T00:47:13","modified_gmt":"2024-12-11T06:47:13","slug":"veracruz-preparado-para-despedir-el-ano-con-tradicion-y-alegria","status":"publish","type":"post","link":"https:\/\/politicosaldesnudo.com.mx\/index.php\/2024\/12\/11\/veracruz-preparado-para-despedir-el-ano-con-tradicion-y-alegria\/","title":{"rendered":"Veracruz preparado para despedir el a\u00f1o con tradici\u00f3n y alegr\u00eda"},"content":{"rendered":"<p>Veracruz<\/p>\n<p>El Gobierno del Estado organiza las actividades con motivo de la campa\u00f1a Despide al A\u00f1o Viejo en Veracruz, considerando entre las propuestas un recorrido, presentaciones art\u00edsticas y la tradicional quema de El Viejo, llenando las calles del puerto jarocho con la algarab\u00eda que los caracteriza.<\/p>\n<p>La Secretar\u00eda de Turismo (SECTUR) en coordinaci\u00f3n con el Ayuntamiento de Veracruz analizan todos los detalles y el operativo de seguridad, a fin de garantizar una celebraci\u00f3n segura y ordenada el pr\u00f3ximo 31 de diciembre.<\/p>\n<p>Una de las iniciativas de la gobernadora de Veracruz, Roc\u00edo Nahle Garc\u00eda, es crear festivales que promuevan la cultura local y retomar la vocaci\u00f3n tur\u00edstica del estado, al tiempo de fomentar la sana convivencia entre los asistentes para poner a Veracruz de moda.<\/p>\n<p>El sector hotelero, restaurantero y de agencias de viajes se suman a esta iniciativa ofreciendo paquetes exclusivos y experiencias \u00fanicas para quienes elijan a la entidad como su destino en las vacaciones invernales.<\/p>\n<p>La quema de El Viejo es una tradici\u00f3n que une generaciones; naci\u00f3 como una protesta y con el tiempo evolucion\u00f3 en una fiesta que simboliza los recuerdos y aprendizajes del a\u00f1o que termina, mientras da la bienvenida a un nuevo comienzo.<\/p>\n","protected":false},"excerpt":{"rendered":"<p>Veracruz El Gobierno del Estado organiza las actividades con motivo de la campa\u00f1a Despide al A\u00f1o Viejo en Veracruz, considerando<\/p>\n","protected":false},"author":4,"featured_media":52112,"comment_status":"closed","ping_status":"closed","sticky":false,"template":"","format":"standard","meta":{"colormag_page_container_layout":"default_layout","colormag_page_sidebar_layout":"default_layout","_jetpack_memberships_contains_paid_content":false,"footnotes":"","jetpack_publicize_message":"","jetpack_publicize_feature_enabled":true,"jetpack_social_post_already_shared":false,"jetpack_social_options":{"image_generator_settings":{"template":"highway","default_image_id":0,"font":"","enabled":false},"version":2}},"categories":[30],"tags":[],"class_list":["post-52111","post","type-post","status-publish","format-standard","has-post-thumbnail","hentry","category-estados"],"jetpack_publicize_connections":[],"jetpack_featured_media_url":"https:\/\/i0.wp.com\/politicosaldesnudo.com.mx\/wp-content\/uploads\/2024\/12\/WhatsApp-Image-2024-12-10-at-21.48.53.jpeg?fit=1600%2C800&ssl=1","jetpack-related-posts":[],"jetpack_sharing_enabled":true,"_links":{"self":[{"href":"https:\/\/politicosaldesnudo.com.mx\/index.php\/wp-json\/wp\/v2\/posts\/52111","targetHints":{"allow":["GET"]}}],"collection":[{"href":"https:\/\/politicosaldesnudo.com.mx\/index.php\/wp-json\/wp\/v2\/posts"}],"about":[{"href":"https:\/\/politicosaldesnudo.com.mx\/index.php\/wp-json\/wp\/v2\/types\/post"}],"author":[{"embeddable":true,"href":"https:\/\/politicosaldesnudo.com.mx\/index.php\/wp-json\/wp\/v2\/users\/4"}],"replies":[{"embeddable":true,"href":"https:\/\/politicosaldesnudo.com.mx\/index.php\/wp-json\/wp\/v2\/comments?post=52111"}],"version-history":[{"count":0,"href":"https:\/\/politicosaldesnudo.com.mx\/index.php\/wp-json\/wp\/v2\/posts\/52111\/revisions"}],"wp:featuredmedia":[{"embeddable":true,"href":"https:\/\/politicosaldesnudo.com.mx\/index.php\/wp-json\/wp\/v2\/media\/52112"}],"wp:attachment":[{"href":"https:\/\/politicosaldesnudo.com.mx\/index.php\/wp-json\/wp\/v2\/media?parent=52111"}],"wp:term":[{"taxonomy":"category","embeddable":true,"href":"https:\/\/politicosaldesnudo.com.mx\/index.php\/wp-json\/wp\/v2\/categories?post=52111"},{"taxonomy":"post_tag","embeddable":true,"href":"https:\/\/politicosaldesnudo.com.mx\/index.php\/wp-json\/wp\/v2\/tags?post=52111"}],"curies":[{"name":"wp","href":"https:\/\/api.w.org\/{rel}","templated":true}]}}