{"id":52114,"date":"2024-12-11T00:48:18","date_gmt":"2024-12-11T06:48:18","guid":{"rendered":"https:\/\/politicosaldesnudo.com.mx\/?p=52114"},"modified":"2024-12-11T00:48:18","modified_gmt":"2024-12-11T06:48:18","slug":"el-diputado-daniel-cortina-asiste-al-segundo-informe-de-actividades-de-la-magistrada-presidenta","status":"publish","type":"post","link":"https:\/\/politicosaldesnudo.com.mx\/index.php\/2024\/12\/11\/el-diputado-daniel-cortina-asiste-al-segundo-informe-de-actividades-de-la-magistrada-presidenta\/","title":{"rendered":"El Diputado Daniel Cortina asiste al Segundo Informe de Actividades de la Magistrada Presidenta"},"content":{"rendered":"<p>El Diputado Daniel Cortina asisti\u00f3 al Segundo Informe de Actividades de la Magistrada Presidenta Lisbeth Aurelia Jim\u00e9nez Aguirre, un evento que destac\u00f3 el compromiso y esfuerzo que la Magistrada Presidenta pone en su trabajo diario para fortalecer el Poder Judicial del Estado de Veracruz. Durante el evento, el Diputado Daniel Cortina aprovech\u00f3 la oportunidad para felicitar y reconocer la incansable dedicaci\u00f3n de la Magistrada Presidenta, as\u00ed como su liderazgo ejemplar y su compromiso con la justicia para todos.<\/p>\n<p>Un diputado comprometido con la justicia. Desde el congreso Daniel Cortina ha trabajado incansablemente para garantizar que todas y todos tengan acceso a la justicia pronta y expedita. Su dedicaci\u00f3n a la causa es admirable y su compromiso es con todas y todos los veracruzanos sin distinci\u00f3n.<\/p>\n<p>El Diputado Cortina cuenta con una agenda integral que combina su labor legislativa en el congreso con las gestiones necesarias para el distrito 03, abarcando todos los municipios (Tuxpan, Tihuatl\u00e1n, Cazones y Tamiahua). Esto le permite mantener una presencia activa en su distrito, estando siempre al tanto de las necesidades y peticiones de los ciudadanos. Esto lo convierte en un diputado cercano a la gente, que escucha, gestiona y trabaja para resolverlas. Su compromiso con la justicia y su dedicaci\u00f3n a la gente de Veracruz son un ejemplo a seguir en la pol\u00edtica veracruzana.<\/p>\n","protected":false},"excerpt":{"rendered":"<p>El Diputado Daniel Cortina asisti\u00f3 al Segundo Informe de Actividades de la Magistrada Presidenta Lisbeth Aurelia Jim\u00e9nez Aguirre, un evento<\/p>\n","protected":false},"author":4,"featured_media":52115,"comment_status":"closed","ping_status":"closed","sticky":false,"template":"","format":"standard","meta":{"colormag_page_container_layout":"default_layout","colormag_page_sidebar_layout":"default_layout","_jetpack_memberships_contains_paid_content":false,"footnotes":"","jetpack_publicize_message":"","jetpack_publicize_feature_enabled":true,"jetpack_social_post_already_shared":false,"jetpack_social_options":{"image_generator_settings":{"template":"highway","default_image_id":0,"font":"","enabled":false},"version":2}},"categories":[30],"tags":[],"class_list":["post-52114","post","type-post","status-publish","format-standard","has-post-thumbnail","hentry","category-estados"],"jetpack_publicize_connections":[],"jetpack_featured_media_url":"https:\/\/i0.wp.com\/politicosaldesnudo.com.mx\/wp-content\/uploads\/2024\/12\/WhatsApp-Image-2024-12-10-at-06.30.07-3-scaled.jpeg?fit=2560%2C2246&ssl=1","jetpack-related-posts":[],"jetpack_sharing_enabled":true,"_links":{"self":[{"href":"https:\/\/politicosaldesnudo.com.mx\/index.php\/wp-json\/wp\/v2\/posts\/52114","targetHints":{"allow":["GET"]}}],"collection":[{"href":"https:\/\/politicosaldesnudo.com.mx\/index.php\/wp-json\/wp\/v2\/posts"}],"about":[{"href":"https:\/\/politicosaldesnudo.com.mx\/index.php\/wp-json\/wp\/v2\/types\/post"}],"author":[{"embeddable":true,"href":"https:\/\/politicosaldesnudo.com.mx\/index.php\/wp-json\/wp\/v2\/users\/4"}],"replies":[{"embeddable":true,"href":"https:\/\/politicosaldesnudo.com.mx\/index.php\/wp-json\/wp\/v2\/comments?post=52114"}],"version-history":[{"count":0,"href":"https:\/\/politicosaldesnudo.com.mx\/index.php\/wp-json\/wp\/v2\/posts\/52114\/revisions"}],"wp:featuredmedia":[{"embeddable":true,"href":"https:\/\/politicosaldesnudo.com.mx\/index.php\/wp-json\/wp\/v2\/media\/52115"}],"wp:attachment":[{"href":"https:\/\/politicosaldesnudo.com.mx\/index.php\/wp-json\/wp\/v2\/media?parent=52114"}],"wp:term":[{"taxonomy":"category","embeddable":true,"href":"https:\/\/politicosaldesnudo.com.mx\/index.php\/wp-json\/wp\/v2\/categories?post=52114"},{"taxonomy":"post_tag","embeddable":true,"href":"https:\/\/politicosaldesnudo.com.mx\/index.php\/wp-json\/wp\/v2\/tags?post=52114"}],"curies":[{"name":"wp","href":"https:\/\/api.w.org\/{rel}","templated":true}]}}