{"id":52132,"date":"2024-12-11T00:57:32","date_gmt":"2024-12-11T06:57:32","guid":{"rendered":"https:\/\/politicosaldesnudo.com.mx\/?p=52132"},"modified":"2024-12-11T00:57:32","modified_gmt":"2024-12-11T06:57:32","slug":"confia-ip-en-estrategia-de-seguridad-de-sheinbaum-ya-esta-probada-cce","status":"publish","type":"post","link":"https:\/\/politicosaldesnudo.com.mx\/index.php\/2024\/12\/11\/confia-ip-en-estrategia-de-seguridad-de-sheinbaum-ya-esta-probada-cce\/","title":{"rendered":"Conf\u00eda IP en estrategia de seguridad de Sheinbaum; \u201cya esta probada\u201d: CCE"},"content":{"rendered":"<p>El sector privado tiene confianza en la estrategia de seguridad del gobierno de la presidenta Claudia Sheinbaum Pardo, porque ya esta probada, se\u00f1al\u00f3 Francisco Cervantes D\u00edaz, dirigente del Consejo Coordinador Empresarial (CCE).<\/p>\n<p>\u201cS\u00ed, s\u00ed tenemos confianza porque, es ya est\u00e1 probada, ya pas\u00f3 en la Ciudad de M\u00e9xico, que lleg\u00f3 a ser la urbe m\u00e1s conflictiva en tema de seguridad y se meti\u00f3 bastante orden\u201d, indic\u00f3 el presidente del organismo c\u00fapula de la iniciativa privada, quien adem\u00e1s neg\u00f3 que pretenda relegirse un periodo m\u00e1s en el CCE.<\/p>\n<p>Cervantes D\u00edaz coment\u00f3 que la confianza es sobre todo por Omar Garc\u00eda Harfuch, titular de la Secretar\u00eda de Seguridad y Protecci\u00f3n Ciudadana de M\u00e9xico<\/p>\n<p>Reconoci\u00f3 que por tratarse de un tema macro, \u201crequiere de m\u00e1s tiempo, la inseguridad no se arregla tan r\u00e1pido, lleva a la mejor a\u00f1os, pero que se va avanzando para tener tan poquitos d\u00edas, hay avances.<\/p>\n<p>Record\u00f3 que se han observado resultados en materia de seguridad, como es el caso de detenciones de criminales, decomisos, entre otras acciones. Acot\u00f3 que el sector privado mantiene mesas de trabajo con el distintas dependencias del gobierno para tratar la inseguridad en carreteras.<\/p>\n<p>Cervantes D\u00edaz neg\u00f3 que el consejo ejecutivo del CCE busque modificar los estatutos para que \u00e9l pueda estar un a\u00f1o m\u00e1s al frente del \u00f3rgano del sector privado, por lo que tampoco puede participar en el proceso.<\/p>\n<p>Aunque acot\u00f3 que si puede ampliar unos meses por temas de agenda, indic\u00f3 que ser\u00e1 en marzo cuando se renueve la dirigencia y ser\u00e1 en enero cuando comiencen las convocatorias.<\/p>\n<p>Por otra parte, coment\u00f3 que el CEO Dialogue con Canad\u00e1 se realizar\u00e1 en enero, pues ya no dan los tiempos para hacerlo en los siguientes d\u00edas. Reconoci\u00f3 que si existen posturas sobre una posible salida de M\u00e9xico del T-MEC, pero no es una mayor\u00eda. \u201cEs un acuerdo que ha sido para todos ben\u00e9fico y cualquier ruptura de estas, lo \u00fanico que hacemos es que otras regiones se fortalezcan. Creo que a nadie le conviene\u201d, dijo.<\/p>\n","protected":false},"excerpt":{"rendered":"<p>El sector privado tiene confianza en la estrategia de seguridad del gobierno de la presidenta Claudia Sheinbaum Pardo, porque ya<\/p>\n","protected":false},"author":4,"featured_media":52133,"comment_status":"closed","ping_status":"closed","sticky":false,"template":"","format":"standard","meta":{"colormag_page_container_layout":"default_layout","colormag_page_sidebar_layout":"default_layout","_jetpack_memberships_contains_paid_content":false,"footnotes":"","jetpack_publicize_message":"","jetpack_publicize_feature_enabled":true,"jetpack_social_post_already_shared":false,"jetpack_social_options":{"image_generator_settings":{"template":"highway","default_image_id":0,"font":"","enabled":false},"version":2}},"categories":[2050],"tags":[],"class_list":["post-52132","post","type-post","status-publish","format-standard","has-post-thumbnail","hentry","category-economia"],"jetpack_publicize_connections":[],"jetpack_featured_media_url":"https:\/\/i0.wp.com\/politicosaldesnudo.com.mx\/wp-content\/uploads\/2024\/12\/claudia-sheinbaum-07102024.jpg?fit=1131%2C744&ssl=1","jetpack-related-posts":[],"jetpack_sharing_enabled":true,"_links":{"self":[{"href":"https:\/\/politicosaldesnudo.com.mx\/index.php\/wp-json\/wp\/v2\/posts\/52132","targetHints":{"allow":["GET"]}}],"collection":[{"href":"https:\/\/politicosaldesnudo.com.mx\/index.php\/wp-json\/wp\/v2\/posts"}],"about":[{"href":"https:\/\/politicosaldesnudo.com.mx\/index.php\/wp-json\/wp\/v2\/types\/post"}],"author":[{"embeddable":true,"href":"https:\/\/politicosaldesnudo.com.mx\/index.php\/wp-json\/wp\/v2\/users\/4"}],"replies":[{"embeddable":true,"href":"https:\/\/politicosaldesnudo.com.mx\/index.php\/wp-json\/wp\/v2\/comments?post=52132"}],"version-history":[{"count":0,"href":"https:\/\/politicosaldesnudo.com.mx\/index.php\/wp-json\/wp\/v2\/posts\/52132\/revisions"}],"wp:featuredmedia":[{"embeddable":true,"href":"https:\/\/politicosaldesnudo.com.mx\/index.php\/wp-json\/wp\/v2\/media\/52133"}],"wp:attachment":[{"href":"https:\/\/politicosaldesnudo.com.mx\/index.php\/wp-json\/wp\/v2\/media?parent=52132"}],"wp:term":[{"taxonomy":"category","embeddable":true,"href":"https:\/\/politicosaldesnudo.com.mx\/index.php\/wp-json\/wp\/v2\/categories?post=52132"},{"taxonomy":"post_tag","embeddable":true,"href":"https:\/\/politicosaldesnudo.com.mx\/index.php\/wp-json\/wp\/v2\/tags?post=52132"}],"curies":[{"name":"wp","href":"https:\/\/api.w.org\/{rel}","templated":true}]}}