{"id":52240,"date":"2024-12-12T15:35:48","date_gmt":"2024-12-12T21:35:48","guid":{"rendered":"https:\/\/politicosaldesnudo.com.mx\/?p=52240"},"modified":"2024-12-12T15:35:48","modified_gmt":"2024-12-12T21:35:48","slug":"manana-viernes-13-de-diciembre-ultimo-dia-del-ano-para-el-cobro-del-impuesto-predial-2024","status":"publish","type":"post","link":"https:\/\/politicosaldesnudo.com.mx\/index.php\/2024\/12\/12\/manana-viernes-13-de-diciembre-ultimo-dia-del-ano-para-el-cobro-del-impuesto-predial-2024\/","title":{"rendered":"Ma\u00f1ana viernes 13 de diciembre, \u00faltimo d\u00eda del a\u00f1o para el cobro del Impuesto Predial 2024"},"content":{"rendered":"<p>Tuxpan, Ver., 12 de diciembre de 2024.- La Direcci\u00f3n de Ingresos del gobierno de Tuxpan informa que ma\u00f1ana viernes 13 de diciembre es el \u00faltimo d\u00eda de este a\u00f1o en que se cobrar\u00e1 el Impuesto Predial 2024.<\/p>\n<p>Lo anterior debido a que el Sistema de Recaudaci\u00f3n (SR) se enviar\u00e1 a la Direcci\u00f3n Regional 02 de Catastro del estado para su actualizaci\u00f3n, por los movimientos de altas, bajas, fusiones o subdivisiones de los predios.<\/p>\n<p>Los contribuyentes que as\u00ed lo deseen pueden realizar el pago de este a\u00f1o y a\u00f1os anteriores, en las ventanillas ubicadas en Direcci\u00f3n de Ingresos, planta baja de presidencia municipal, de 9:00 a 14:00 horas.<\/p>\n<p>Con ello podr\u00e1n acceder a los descuentos del 20 % para p\u00fablico en general y el 50 % para pensionados, jubilados y de la tercera edad, en el cobro de 2025, siempre y cuando cumplan con los requisitos establecidos en los art\u00edculos 113,114, 115,116,117,118,120 y 121 del C\u00f3digo Hacendario Municipal para el Estado de Veracruz.<\/p>\n","protected":false},"excerpt":{"rendered":"<p>Tuxpan, Ver., 12 de diciembre de 2024.- La Direcci\u00f3n de Ingresos del gobierno de Tuxpan informa que ma\u00f1ana viernes 13<\/p>\n","protected":false},"author":4,"featured_media":52241,"comment_status":"closed","ping_status":"closed","sticky":false,"template":"","format":"standard","meta":{"colormag_page_container_layout":"default_layout","colormag_page_sidebar_layout":"default_layout","_jetpack_memberships_contains_paid_content":false,"footnotes":"","jetpack_publicize_message":"","jetpack_publicize_feature_enabled":true,"jetpack_social_post_already_shared":false,"jetpack_social_options":{"image_generator_settings":{"template":"highway","default_image_id":0,"font":"","enabled":false},"version":2}},"categories":[3205,1082],"tags":[],"class_list":["post-52240","post","type-post","status-publish","format-standard","has-post-thumbnail","hentry","category-gobierno-tuxpan","category-tuxpan"],"jetpack_publicize_connections":[],"jetpack_featured_media_url":"https:\/\/i0.wp.com\/politicosaldesnudo.com.mx\/wp-content\/uploads\/2024\/12\/WhatsApp-Image-2024-12-12-at-14.39.42.jpeg?fit=1600%2C900&ssl=1","jetpack-related-posts":[],"jetpack_sharing_enabled":true,"_links":{"self":[{"href":"https:\/\/politicosaldesnudo.com.mx\/index.php\/wp-json\/wp\/v2\/posts\/52240","targetHints":{"allow":["GET"]}}],"collection":[{"href":"https:\/\/politicosaldesnudo.com.mx\/index.php\/wp-json\/wp\/v2\/posts"}],"about":[{"href":"https:\/\/politicosaldesnudo.com.mx\/index.php\/wp-json\/wp\/v2\/types\/post"}],"author":[{"embeddable":true,"href":"https:\/\/politicosaldesnudo.com.mx\/index.php\/wp-json\/wp\/v2\/users\/4"}],"replies":[{"embeddable":true,"href":"https:\/\/politicosaldesnudo.com.mx\/index.php\/wp-json\/wp\/v2\/comments?post=52240"}],"version-history":[{"count":0,"href":"https:\/\/politicosaldesnudo.com.mx\/index.php\/wp-json\/wp\/v2\/posts\/52240\/revisions"}],"wp:featuredmedia":[{"embeddable":true,"href":"https:\/\/politicosaldesnudo.com.mx\/index.php\/wp-json\/wp\/v2\/media\/52241"}],"wp:attachment":[{"href":"https:\/\/politicosaldesnudo.com.mx\/index.php\/wp-json\/wp\/v2\/media?parent=52240"}],"wp:term":[{"taxonomy":"category","embeddable":true,"href":"https:\/\/politicosaldesnudo.com.mx\/index.php\/wp-json\/wp\/v2\/categories?post=52240"},{"taxonomy":"post_tag","embeddable":true,"href":"https:\/\/politicosaldesnudo.com.mx\/index.php\/wp-json\/wp\/v2\/tags?post=52240"}],"curies":[{"name":"wp","href":"https:\/\/api.w.org\/{rel}","templated":true}]}}