{"id":52251,"date":"2024-12-13T00:01:00","date_gmt":"2024-12-13T06:01:00","guid":{"rendered":"https:\/\/politicosaldesnudo.com.mx\/?p=52251"},"modified":"2024-12-13T00:01:00","modified_gmt":"2024-12-13T06:01:00","slug":"familias-beneficiadas-con-tiendas-del-bienestar","status":"publish","type":"post","link":"https:\/\/politicosaldesnudo.com.mx\/index.php\/2024\/12\/13\/familias-beneficiadas-con-tiendas-del-bienestar\/","title":{"rendered":"Familias beneficiadas con Tiendas del Bienestar"},"content":{"rendered":"<p>Gracias a las Tiendas del Bienestar que se han instalado en este municipio, se han podido beneficiar a muchas familias, pues estos establecimientos, que ofrecen productos de la canasta b\u00e1sica a precios accesibles, han permitido a los habitantes mejorar su calidad de vida.<\/p>\n<p>Personal de la Direcci\u00f3n de Desarroll\u00f3 Social, inform\u00f3 que la instalaci\u00f3n de estas tiendas no solo ha beneficiado la econom\u00eda de las familias, sino que tambi\u00e9n ha generado empleos locales y fortalecido el tejido social.<\/p>\n<p>Lo anterior, gracias a la coordinaci\u00f3n laboral existente entre el gobierno Federal y Municipal, que busca garantizar el acceso a alimentos saludables y a precios justos, lo que est\u00e1 dando resultados positivos en la comunidad.<\/p>\n<p>Asimismo, m\u00e1s de 350 familias han sido apoyadas con el proyecto de leche Liconsa, por lo que esta semana estuvieron en el Circuito Colonias, para invitar a los ciudadanos a unirse a este proyecto, donde fueron muy bien recibidos, inscribiendo a un gran n\u00famero de personas que ahora contar\u00e1n con este nutriente a costos muy bajos.<\/p>\n<p>\u00abGracias a la coordinaci\u00f3n entre el gobierno municipal y el gobierno federal, se cuenta ahora con las Tiendas del Bienestar y con el programa de leche Liconsa, mostrando que trabajando en conjunto podemos lograr grandes cosas\u00bb, comentaron.<\/p>\n<p>Finalmente, informaron que por cierre de a\u00f1o, hasta el pr\u00f3ximo a\u00f1o estar\u00e1n inscribiendo a m\u00e1s familias a este y varios programas que se tienen del gobierno tanto federal como estatal, por lo que invitaron a la ciudadan\u00eda a estar al pendiente para poderse beneficiar.<\/p>\n","protected":false},"excerpt":{"rendered":"<p>Gracias a las Tiendas del Bienestar que se han instalado en este municipio, se han podido beneficiar a muchas familias,<\/p>\n","protected":false},"author":4,"featured_media":52252,"comment_status":"closed","ping_status":"closed","sticky":false,"template":"","format":"standard","meta":{"colormag_page_container_layout":"default_layout","colormag_page_sidebar_layout":"default_layout","_jetpack_memberships_contains_paid_content":false,"footnotes":"","jetpack_publicize_message":"","jetpack_publicize_feature_enabled":true,"jetpack_social_post_already_shared":false,"jetpack_social_options":{"image_generator_settings":{"template":"highway","default_image_id":0,"font":"","enabled":false},"version":2}},"categories":[1082],"tags":[],"class_list":["post-52251","post","type-post","status-publish","format-standard","has-post-thumbnail","hentry","category-tuxpan"],"jetpack_publicize_connections":[],"jetpack_featured_media_url":"https:\/\/i0.wp.com\/politicosaldesnudo.com.mx\/wp-content\/uploads\/2024\/12\/3c-3.jpg?fit=1200%2C671&ssl=1","jetpack-related-posts":[],"jetpack_sharing_enabled":true,"_links":{"self":[{"href":"https:\/\/politicosaldesnudo.com.mx\/index.php\/wp-json\/wp\/v2\/posts\/52251","targetHints":{"allow":["GET"]}}],"collection":[{"href":"https:\/\/politicosaldesnudo.com.mx\/index.php\/wp-json\/wp\/v2\/posts"}],"about":[{"href":"https:\/\/politicosaldesnudo.com.mx\/index.php\/wp-json\/wp\/v2\/types\/post"}],"author":[{"embeddable":true,"href":"https:\/\/politicosaldesnudo.com.mx\/index.php\/wp-json\/wp\/v2\/users\/4"}],"replies":[{"embeddable":true,"href":"https:\/\/politicosaldesnudo.com.mx\/index.php\/wp-json\/wp\/v2\/comments?post=52251"}],"version-history":[{"count":0,"href":"https:\/\/politicosaldesnudo.com.mx\/index.php\/wp-json\/wp\/v2\/posts\/52251\/revisions"}],"wp:featuredmedia":[{"embeddable":true,"href":"https:\/\/politicosaldesnudo.com.mx\/index.php\/wp-json\/wp\/v2\/media\/52252"}],"wp:attachment":[{"href":"https:\/\/politicosaldesnudo.com.mx\/index.php\/wp-json\/wp\/v2\/media?parent=52251"}],"wp:term":[{"taxonomy":"category","embeddable":true,"href":"https:\/\/politicosaldesnudo.com.mx\/index.php\/wp-json\/wp\/v2\/categories?post=52251"},{"taxonomy":"post_tag","embeddable":true,"href":"https:\/\/politicosaldesnudo.com.mx\/index.php\/wp-json\/wp\/v2\/tags?post=52251"}],"curies":[{"name":"wp","href":"https:\/\/api.w.org\/{rel}","templated":true}]}}