{"id":52254,"date":"2024-12-13T00:01:43","date_gmt":"2024-12-13T06:01:43","guid":{"rendered":"https:\/\/politicosaldesnudo.com.mx\/?p=52254"},"modified":"2024-12-13T00:01:43","modified_gmt":"2024-12-13T06:01:43","slug":"activan-refugio-temporal","status":"publish","type":"post","link":"https:\/\/politicosaldesnudo.com.mx\/index.php\/2024\/12\/13\/activan-refugio-temporal\/","title":{"rendered":"Activan refugio temporal"},"content":{"rendered":"<p>Ante las recientes alertas emitidas por fen\u00f3menos meteorol\u00f3gicos, Jos\u00e9 Ren\u00e9 T\u00e9llez Medina, director de Protecci\u00f3n Civil y Bomberos, dio a conocer las acciones implementadas para proteger a la ciudadan\u00eda. Entre estas, destac\u00f3 la activaci\u00f3n del refugio temporal del DIF y recorridos de supervisi\u00f3n para garantizar la seguridad en el municipio y auxiliar a quienes lo requieran, ante los decesos de temperatura.<\/p>\n<p>\u201cComo cada a\u00f1o, hemos implementado servicios a la poblaci\u00f3n en rondas constantes. El refugio del DIF se mantiene activo y listo para atender cualquier emergencia, aunque, afortunadamente, en los \u00faltimos a\u00f1os no ha sido necesario ocuparlo\u201d, se\u00f1al\u00f3 T\u00e9llez Medina.<\/p>\n<p>Adem\u00e1s, desde las primeras alertas grises, el equipo de Protecci\u00f3n Civil se moviliz\u00f3 para inspeccionar puntos estrat\u00e9gicos de la ciudad y prevenir riesgos derivados de estructuras inestables. El evento clim\u00e1tico, que se registr\u00f3 entre las 11 y 12 de la noche, fue intenso pero de corta duraci\u00f3n, y no gener\u00f3 mayores complicaciones.<\/p>\n<p>En apoyo a un grupo de peregrinos que se encontraba en la localidad, se habilitaron carpas para que pudieran descansar de manera segura. \u201cLos peregrinos ya estaban preparados con casas de campa\u00f1a y cobijas, pero se les brind\u00f3 un espacio adecuado y permanecimos atentos a cualquier necesidad adicional\u201d, detall\u00f3 el director.<\/p>\n<p>T\u00e9llez Medina invit\u00f3 a los habitantes a mantenerse informados a trav\u00e9s de los comunicados oficiales de Protecci\u00f3n Civil y Seguridad P\u00fablica, y a seguir las recomendaciones emitidas para reducir riesgos. \u201cLa prevenci\u00f3n es clave para garantizar la seguridad de todos\u201d, concluy\u00f3.<\/p>\n","protected":false},"excerpt":{"rendered":"<p>Ante las recientes alertas emitidas por fen\u00f3menos meteorol\u00f3gicos, Jos\u00e9 Ren\u00e9 T\u00e9llez Medina, director de Protecci\u00f3n Civil y Bomberos, dio a<\/p>\n","protected":false},"author":4,"featured_media":52255,"comment_status":"closed","ping_status":"closed","sticky":false,"template":"","format":"standard","meta":{"colormag_page_container_layout":"default_layout","colormag_page_sidebar_layout":"default_layout","_jetpack_memberships_contains_paid_content":false,"footnotes":"","jetpack_publicize_message":"","jetpack_publicize_feature_enabled":true,"jetpack_social_post_already_shared":false,"jetpack_social_options":{"image_generator_settings":{"template":"highway","default_image_id":0,"font":"","enabled":false},"version":2}},"categories":[1082],"tags":[],"class_list":["post-52254","post","type-post","status-publish","format-standard","has-post-thumbnail","hentry","category-tuxpan"],"jetpack_publicize_connections":[],"jetpack_featured_media_url":"https:\/\/i0.wp.com\/politicosaldesnudo.com.mx\/wp-content\/uploads\/2024\/12\/5c-1.jpg?fit=1200%2C834&ssl=1","jetpack-related-posts":[],"jetpack_sharing_enabled":true,"_links":{"self":[{"href":"https:\/\/politicosaldesnudo.com.mx\/index.php\/wp-json\/wp\/v2\/posts\/52254","targetHints":{"allow":["GET"]}}],"collection":[{"href":"https:\/\/politicosaldesnudo.com.mx\/index.php\/wp-json\/wp\/v2\/posts"}],"about":[{"href":"https:\/\/politicosaldesnudo.com.mx\/index.php\/wp-json\/wp\/v2\/types\/post"}],"author":[{"embeddable":true,"href":"https:\/\/politicosaldesnudo.com.mx\/index.php\/wp-json\/wp\/v2\/users\/4"}],"replies":[{"embeddable":true,"href":"https:\/\/politicosaldesnudo.com.mx\/index.php\/wp-json\/wp\/v2\/comments?post=52254"}],"version-history":[{"count":0,"href":"https:\/\/politicosaldesnudo.com.mx\/index.php\/wp-json\/wp\/v2\/posts\/52254\/revisions"}],"wp:featuredmedia":[{"embeddable":true,"href":"https:\/\/politicosaldesnudo.com.mx\/index.php\/wp-json\/wp\/v2\/media\/52255"}],"wp:attachment":[{"href":"https:\/\/politicosaldesnudo.com.mx\/index.php\/wp-json\/wp\/v2\/media?parent=52254"}],"wp:term":[{"taxonomy":"category","embeddable":true,"href":"https:\/\/politicosaldesnudo.com.mx\/index.php\/wp-json\/wp\/v2\/categories?post=52254"},{"taxonomy":"post_tag","embeddable":true,"href":"https:\/\/politicosaldesnudo.com.mx\/index.php\/wp-json\/wp\/v2\/tags?post=52254"}],"curies":[{"name":"wp","href":"https:\/\/api.w.org\/{rel}","templated":true}]}}