{"id":52327,"date":"2024-12-13T14:12:15","date_gmt":"2024-12-13T20:12:15","guid":{"rendered":"https:\/\/politicosaldesnudo.com.mx\/?p=52327"},"modified":"2024-12-13T17:35:31","modified_gmt":"2024-12-13T23:35:31","slug":"el-gobierno-de-tuxpan-entrego-la-construccion-de-techado-en-el-area-multideportiva-de-la-escuela-primaria-luis-donaldo-colosio-de-infonavit-tulipanes","status":"publish","type":"post","link":"https:\/\/politicosaldesnudo.com.mx\/index.php\/2024\/12\/13\/el-gobierno-de-tuxpan-entrego-la-construccion-de-techado-en-el-area-multideportiva-de-la-escuela-primaria-luis-donaldo-colosio-de-infonavit-tulipanes\/","title":{"rendered":"El Gobierno de Tuxpan entreg\u00f3 la construcci\u00f3n de Techado en el \u00c1rea Multideportiva de la escuela primaria Luis Donaldo Colosio, de Infonavit Tulipanes"},"content":{"rendered":"\r\n<p>&nbsp;<\/p>\r\n\r\n\r\n\r\n<p>-El alcalde Dr. Jes\u00fas Fomperoza reiter\u00f3 su compromiso con las instituciones educativas del municipio.<\/p>\r\n\r\n\r\n\r\n<figure class=\"wp-block-image size-large\"><img data-recalc-dims=\"1\" loading=\"lazy\" decoding=\"async\" width=\"800\" height=\"449\" class=\"wp-image-52322\" src=\"https:\/\/i0.wp.com\/politicosaldesnudo.com.mx\/wp-content\/uploads\/2024\/12\/img-20241213-wa00063870171792868628174-1024x575.jpg?resize=800%2C449&#038;ssl=1\" alt=\"\" srcset=\"https:\/\/i0.wp.com\/politicosaldesnudo.com.mx\/wp-content\/uploads\/2024\/12\/img-20241213-wa00063870171792868628174.jpg?resize=1024%2C575&amp;ssl=1 1024w, https:\/\/i0.wp.com\/politicosaldesnudo.com.mx\/wp-content\/uploads\/2024\/12\/img-20241213-wa00063870171792868628174.jpg?resize=300%2C168&amp;ssl=1 300w, https:\/\/i0.wp.com\/politicosaldesnudo.com.mx\/wp-content\/uploads\/2024\/12\/img-20241213-wa00063870171792868628174.jpg?resize=768%2C431&amp;ssl=1 768w, https:\/\/i0.wp.com\/politicosaldesnudo.com.mx\/wp-content\/uploads\/2024\/12\/img-20241213-wa00063870171792868628174.jpg?resize=1536%2C862&amp;ssl=1 1536w, https:\/\/i0.wp.com\/politicosaldesnudo.com.mx\/wp-content\/uploads\/2024\/12\/img-20241213-wa00063870171792868628174.jpg?w=1600&amp;ssl=1 1600w\" sizes=\"auto, (max-width: 800px) 100vw, 800px\" \/><\/figure>\r\n\r\n\r\n\r\n<p>Tuxpan, Ver., 13 de diciembre de 2024.- Ante estudiantes, maestros y padres de familia, el alcalde Dr. Jes\u00fas Fomperoza Torres e integrantes del Cabildo inauguraron la construcci\u00f3n del techado en el \u00e1rea multideportiva de la escuela primaria Luis Donaldo Colosio, en la colonia Infonavit Tulipanes.<\/p>\r\n\r\n\r\n\r\n<figure class=\"wp-block-image size-large\"><img data-recalc-dims=\"1\" loading=\"lazy\" decoding=\"async\" width=\"800\" height=\"612\" class=\"wp-image-52324\" src=\"https:\/\/i0.wp.com\/politicosaldesnudo.com.mx\/wp-content\/uploads\/2024\/12\/img-20241213-wa00053697128539139612670-1024x783.jpg?resize=800%2C612&#038;ssl=1\" alt=\"\" srcset=\"https:\/\/i0.wp.com\/politicosaldesnudo.com.mx\/wp-content\/uploads\/2024\/12\/img-20241213-wa00053697128539139612670.jpg?resize=1024%2C783&amp;ssl=1 1024w, https:\/\/i0.wp.com\/politicosaldesnudo.com.mx\/wp-content\/uploads\/2024\/12\/img-20241213-wa00053697128539139612670.jpg?resize=300%2C230&amp;ssl=1 300w, https:\/\/i0.wp.com\/politicosaldesnudo.com.mx\/wp-content\/uploads\/2024\/12\/img-20241213-wa00053697128539139612670.jpg?resize=768%2C588&amp;ssl=1 768w, https:\/\/i0.wp.com\/politicosaldesnudo.com.mx\/wp-content\/uploads\/2024\/12\/img-20241213-wa00053697128539139612670.jpg?resize=1536%2C1175&amp;ssl=1 1536w, https:\/\/i0.wp.com\/politicosaldesnudo.com.mx\/wp-content\/uploads\/2024\/12\/img-20241213-wa00053697128539139612670.jpg?w=1600&amp;ssl=1 1600w\" sizes=\"auto, (max-width: 800px) 100vw, 800px\" \/><\/figure>\r\n\r\n\r\n\r\n<p>La construcci\u00f3n, que beneficiar\u00e1 a m\u00e1s de 100 alumnas y alumnos, se realiz\u00f3 con una inversi\u00f3n de 2 millones 499 mil 344 pesos, emanados del Fondo de Aportaciones para la Infraestructura Social Municipal (FAISMUN) del ejercicio fiscal 2024.<\/p>\r\n\r\n\r\n\r\n<p>Este espacio brindar\u00e1 mejores condiciones de aprendizaje y un mayor desarrollo de actividades deportivas, c\u00edvicas y culturales.<\/p>\r\n\r\n\r\n\r\n<figure class=\"wp-block-image size-large\"><img data-recalc-dims=\"1\" loading=\"lazy\" decoding=\"async\" width=\"800\" height=\"532\" class=\"wp-image-52323\" src=\"https:\/\/i0.wp.com\/politicosaldesnudo.com.mx\/wp-content\/uploads\/2024\/12\/img-20241213-wa00035254286246551419510-1024x681.jpg?resize=800%2C532&#038;ssl=1\" alt=\"\" srcset=\"https:\/\/i0.wp.com\/politicosaldesnudo.com.mx\/wp-content\/uploads\/2024\/12\/img-20241213-wa00035254286246551419510.jpg?resize=1024%2C681&amp;ssl=1 1024w, https:\/\/i0.wp.com\/politicosaldesnudo.com.mx\/wp-content\/uploads\/2024\/12\/img-20241213-wa00035254286246551419510.jpg?resize=300%2C200&amp;ssl=1 300w, https:\/\/i0.wp.com\/politicosaldesnudo.com.mx\/wp-content\/uploads\/2024\/12\/img-20241213-wa00035254286246551419510.jpg?resize=768%2C511&amp;ssl=1 768w, https:\/\/i0.wp.com\/politicosaldesnudo.com.mx\/wp-content\/uploads\/2024\/12\/img-20241213-wa00035254286246551419510.jpg?resize=1536%2C1021&amp;ssl=1 1536w, https:\/\/i0.wp.com\/politicosaldesnudo.com.mx\/wp-content\/uploads\/2024\/12\/img-20241213-wa00035254286246551419510.jpg?w=1600&amp;ssl=1 1600w\" sizes=\"auto, (max-width: 800px) 100vw, 800px\" \/><\/figure>\r\n\r\n\r\n\r\n<p>En el corte del list\u00f3n inaugural, el alcalde estuvo acompa\u00f1ado por la s\u00edndica Mtra. Beatriz Pi\u00f1a Vergara; las regidoras Mar\u00eda del Pilar Mart\u00ednez Matesanz, Anah\u00ed Aguilar L\u00f3pez, Lucero Res\u00e9ndis Ambrocio, comisionada en Obras P\u00fablicas; y el regidor comisionado en Educaci\u00f3n, Prof. Luis Demetrio L\u00f3pez Mar\u00edn.<\/p>\r\n\r\n\r\n\r\n<p>As\u00ed mismo, el Ing. Pedro de Jes\u00fas Espinoza P\u00e9rez, director de Obras P\u00fablicas; el Lic. Jes\u00fas Carballo Serrano, director de Desarrollo Social; las CC. Hedit Vera Sol\u00eds y Perla Lizeth Cruz Villalobos, presidenta y secretaria -respectivamente- del Comit\u00e9 de Contralor\u00eda Social y Bienestar; el Prof. Domingo Ruperto Santiago, director de la escuela, y el C. Francisco Hern\u00e1ndez Espinoza, integrante del Consejo Municipal.<\/p>\r\n\r\n\r\n\r\n<figure class=\"wp-block-image size-large\"><img data-recalc-dims=\"1\" loading=\"lazy\" decoding=\"async\" width=\"800\" height=\"532\" class=\"wp-image-52325\" src=\"https:\/\/i0.wp.com\/politicosaldesnudo.com.mx\/wp-content\/uploads\/2024\/12\/img-20241213-wa00072665180255121350584-1024x681.jpg?resize=800%2C532&#038;ssl=1\" alt=\"\" srcset=\"https:\/\/i0.wp.com\/politicosaldesnudo.com.mx\/wp-content\/uploads\/2024\/12\/img-20241213-wa00072665180255121350584.jpg?resize=1024%2C681&amp;ssl=1 1024w, https:\/\/i0.wp.com\/politicosaldesnudo.com.mx\/wp-content\/uploads\/2024\/12\/img-20241213-wa00072665180255121350584.jpg?resize=300%2C200&amp;ssl=1 300w, https:\/\/i0.wp.com\/politicosaldesnudo.com.mx\/wp-content\/uploads\/2024\/12\/img-20241213-wa00072665180255121350584.jpg?resize=768%2C511&amp;ssl=1 768w, https:\/\/i0.wp.com\/politicosaldesnudo.com.mx\/wp-content\/uploads\/2024\/12\/img-20241213-wa00072665180255121350584.jpg?resize=1536%2C1021&amp;ssl=1 1536w, https:\/\/i0.wp.com\/politicosaldesnudo.com.mx\/wp-content\/uploads\/2024\/12\/img-20241213-wa00072665180255121350584.jpg?w=1600&amp;ssl=1 1600w\" sizes=\"auto, (max-width: 800px) 100vw, 800px\" \/><\/figure>\r\n\r\n\r\n\r\n<p>Al hacer uso de la voz, el alcalde Jes\u00fas Fomperoza Torres manifest\u00f3 su entusiasmo por la realizaci\u00f3n de esta obra: \u201cestamos muy contentos por inaugurar este techado por el que docentes y padres de familia lucharon tanto tiempo y que, por fin, durante esta administraci\u00f3n se pudo concretar\u201d.<\/p>\r\n\r\n\r\n\r\n<p>Destac\u00f3 que este espacio servir\u00e1 para que ni\u00f1as y ni\u00f1os puedan practicar deportes de una manera m\u00e1s segura, protegidos de las inclemencias del tiempo, por lo que les pidi\u00f3 cuidarlo para que se mantenga en \u00f3ptimas condiciones.<\/p>\r\n\r\n\r\n\r\n<figure class=\"wp-block-image size-large\"><img data-recalc-dims=\"1\" loading=\"lazy\" decoding=\"async\" width=\"800\" height=\"449\" class=\"wp-image-52326\" src=\"https:\/\/i0.wp.com\/politicosaldesnudo.com.mx\/wp-content\/uploads\/2024\/12\/img-20241213-wa00084096926306179898607-1024x575.jpg?resize=800%2C449&#038;ssl=1\" alt=\"\" srcset=\"https:\/\/i0.wp.com\/politicosaldesnudo.com.mx\/wp-content\/uploads\/2024\/12\/img-20241213-wa00084096926306179898607.jpg?resize=1024%2C575&amp;ssl=1 1024w, https:\/\/i0.wp.com\/politicosaldesnudo.com.mx\/wp-content\/uploads\/2024\/12\/img-20241213-wa00084096926306179898607.jpg?resize=300%2C168&amp;ssl=1 300w, https:\/\/i0.wp.com\/politicosaldesnudo.com.mx\/wp-content\/uploads\/2024\/12\/img-20241213-wa00084096926306179898607.jpg?resize=768%2C431&amp;ssl=1 768w, https:\/\/i0.wp.com\/politicosaldesnudo.com.mx\/wp-content\/uploads\/2024\/12\/img-20241213-wa00084096926306179898607.jpg?resize=1536%2C862&amp;ssl=1 1536w, https:\/\/i0.wp.com\/politicosaldesnudo.com.mx\/wp-content\/uploads\/2024\/12\/img-20241213-wa00084096926306179898607.jpg?w=1600&amp;ssl=1 1600w\" sizes=\"auto, (max-width: 800px) 100vw, 800px\" \/><\/figure>\r\n\r\n\r\n\r\n<p>Fomperoza Torres reiter\u00f3 su compromiso con las instituciones educativas del municipio: \u201cvamos a seguir llevando m\u00e1s de estos apoyos a todas las escuelas y comunidades de Tuxpan\u201d.<\/p>\r\n\r\n\r\n\r\n<p>En nombre de la comunidad estudiantil, el director de la escuela, Prof. Domingo Ruperto Santiago agradeci\u00f3 a las autoridades municipales: \u201cmuchas gracias porque despu\u00e9s de 20 a\u00f1os que estuvimos gestionando esta construcci\u00f3n, al fin se pudo lograr\u201d.<\/p>\r\n<p><img data-recalc-dims=\"1\" loading=\"lazy\" decoding=\"async\" class=\"aligncenter size-large wp-image-52335\" src=\"https:\/\/i0.wp.com\/politicosaldesnudo.com.mx\/wp-content\/uploads\/2024\/12\/WhatsApp-Image-2024-12-13-at-13.38.12-3-1024x681.jpeg?resize=800%2C532&#038;ssl=1\" alt=\"\" width=\"800\" height=\"532\" srcset=\"https:\/\/i0.wp.com\/politicosaldesnudo.com.mx\/wp-content\/uploads\/2024\/12\/WhatsApp-Image-2024-12-13-at-13.38.12-3.jpeg?resize=1024%2C681&amp;ssl=1 1024w, https:\/\/i0.wp.com\/politicosaldesnudo.com.mx\/wp-content\/uploads\/2024\/12\/WhatsApp-Image-2024-12-13-at-13.38.12-3.jpeg?resize=300%2C200&amp;ssl=1 300w, https:\/\/i0.wp.com\/politicosaldesnudo.com.mx\/wp-content\/uploads\/2024\/12\/WhatsApp-Image-2024-12-13-at-13.38.12-3.jpeg?resize=768%2C511&amp;ssl=1 768w, https:\/\/i0.wp.com\/politicosaldesnudo.com.mx\/wp-content\/uploads\/2024\/12\/WhatsApp-Image-2024-12-13-at-13.38.12-3.jpeg?resize=1536%2C1021&amp;ssl=1 1536w, https:\/\/i0.wp.com\/politicosaldesnudo.com.mx\/wp-content\/uploads\/2024\/12\/WhatsApp-Image-2024-12-13-at-13.38.12-3.jpeg?w=1600&amp;ssl=1 1600w\" sizes=\"auto, (max-width: 800px) 100vw, 800px\" \/><\/p>\r\n\r\n\r\n\r\n<p>Por su parte, la C. Perla Lizeth Cruz, secretaria del Comit\u00e9 de Contralor\u00eda Social y Bienestar dio las gracias al alcalde: \u201csus nombres ser\u00e1n recordados por esta hermosa obra. Ahora nuestros hijos tendr\u00e1n un lugar digno para llevar a cabo sus actividades deportivas\u201d.<\/p>\r\n","protected":false},"excerpt":{"rendered":"<p>&nbsp; -El alcalde Dr. Jes\u00fas Fomperoza reiter\u00f3 su compromiso con las instituciones educativas del municipio. Tuxpan, Ver., 13 de diciembre<\/p>\n","protected":false},"author":4,"featured_media":52326,"comment_status":"closed","ping_status":"closed","sticky":false,"template":"","format":"standard","meta":{"colormag_page_container_layout":"default_layout","colormag_page_sidebar_layout":"default_layout","_jetpack_memberships_contains_paid_content":false,"footnotes":"","jetpack_publicize_message":"","jetpack_publicize_feature_enabled":true,"jetpack_social_post_already_shared":false,"jetpack_social_options":{"image_generator_settings":{"template":"highway","default_image_id":0,"font":"","enabled":false},"version":2}},"categories":[3205,1082],"tags":[],"class_list":["post-52327","post","type-post","status-publish","format-standard","has-post-thumbnail","hentry","category-gobierno-tuxpan","category-tuxpan"],"jetpack_publicize_connections":[],"jetpack_featured_media_url":"https:\/\/i0.wp.com\/politicosaldesnudo.com.mx\/wp-content\/uploads\/2024\/12\/img-20241213-wa00084096926306179898607.jpg?fit=1600%2C898&ssl=1","jetpack-related-posts":[],"jetpack_sharing_enabled":true,"_links":{"self":[{"href":"https:\/\/politicosaldesnudo.com.mx\/index.php\/wp-json\/wp\/v2\/posts\/52327","targetHints":{"allow":["GET"]}}],"collection":[{"href":"https:\/\/politicosaldesnudo.com.mx\/index.php\/wp-json\/wp\/v2\/posts"}],"about":[{"href":"https:\/\/politicosaldesnudo.com.mx\/index.php\/wp-json\/wp\/v2\/types\/post"}],"author":[{"embeddable":true,"href":"https:\/\/politicosaldesnudo.com.mx\/index.php\/wp-json\/wp\/v2\/users\/4"}],"replies":[{"embeddable":true,"href":"https:\/\/politicosaldesnudo.com.mx\/index.php\/wp-json\/wp\/v2\/comments?post=52327"}],"version-history":[{"count":0,"href":"https:\/\/politicosaldesnudo.com.mx\/index.php\/wp-json\/wp\/v2\/posts\/52327\/revisions"}],"wp:featuredmedia":[{"embeddable":true,"href":"https:\/\/politicosaldesnudo.com.mx\/index.php\/wp-json\/wp\/v2\/media\/52326"}],"wp:attachment":[{"href":"https:\/\/politicosaldesnudo.com.mx\/index.php\/wp-json\/wp\/v2\/media?parent=52327"}],"wp:term":[{"taxonomy":"category","embeddable":true,"href":"https:\/\/politicosaldesnudo.com.mx\/index.php\/wp-json\/wp\/v2\/categories?post=52327"},{"taxonomy":"post_tag","embeddable":true,"href":"https:\/\/politicosaldesnudo.com.mx\/index.php\/wp-json\/wp\/v2\/tags?post=52327"}],"curies":[{"name":"wp","href":"https:\/\/api.w.org\/{rel}","templated":true}]}}