{"id":52329,"date":"2024-12-13T17:23:09","date_gmt":"2024-12-13T23:23:09","guid":{"rendered":"https:\/\/politicosaldesnudo.com.mx\/?p=52329"},"modified":"2024-12-13T17:23:09","modified_gmt":"2024-12-13T23:23:09","slug":"notiver-50-anos-de-historia-y-compromiso-con-la-informacion","status":"publish","type":"post","link":"https:\/\/politicosaldesnudo.com.mx\/index.php\/2024\/12\/13\/notiver-50-anos-de-historia-y-compromiso-con-la-informacion\/","title":{"rendered":"Notiver: 50 A\u00f1os de Historia y Compromiso con la Informaci\u00f3n"},"content":{"rendered":"<div><b>\u00b7\u00a0\u00a0\u00a0\u00a0\u00a0 \u00a0Alfonso Salces, un periodista visionario, entendi\u00f3 la necesidad de un nuevo medio<\/b><\/div>\n<div><b>\u00b7\u00a0\u00a0\u00a0\u00a0\u00a0 \u00a0Se destac\u00f3 por su enfoque en la cobertura de noticias locales<\/b><\/div>\n<div><b>\u00b7\u00a0\u00a0\u00a0\u00a0\u00a0 \u00a0No solo ha informado, sino que tambi\u00e9n ha innovado<\/b><\/div>\n<div><\/div>\n<div><b>Por Miguel \u00c1ngel Cristiani G.<\/b><\/div>\n<div><\/div>\n<div><b>El 2024 marca un hito importante en la historia del periodismo en Veracruz: el peri\u00f3dico Notiver, fundado por nuestro amigo Alfonso Salces, celebra su 50 aniversario. Esta fecha no solo es un motivo de celebraci\u00f3n, sino tambi\u00e9n una oportunidad para reflexionar sobre el impacto que ha tenido Notiver en la sociedad, as\u00ed como los desaf\u00edos que ha enfrentado y superado a lo largo de cinco d\u00e9cadas.<\/b><\/div>\n<div><b>\u00b7\u00a0\u00a0\u00a0\u00a0\u00a0 \u00a0Or\u00edgenes de Notiver<\/b><\/div>\n<div><b>Pocos saben a estas alturas del partido, que Notiver empez\u00f3 siendo un noticiero de radio, en el que estuvimos colaborando, posiblemente el primero en el estado de Veracruz, pero dada la cantidad de materiales que se ten\u00edan en sus dos versiones -matutina y vespertina- se quedaba mucha informaci\u00f3n fuera, por lo que su director, decidi\u00f3 hacer un peri\u00f3dico impresos con varias planas y mucho m\u00e1s espacio.<\/b><\/div>\n<div><b>El equipo de reporteros los form\u00e1bamos Ema Galv\u00e1n -que despu\u00e9s march\u00f3 a la ciudad de M\u00e9xico para trabajar en TV Azteca- Arturo Armas reportero de las fuentes policiacas y el que esto recuerda. En los controles t\u00e9cnicos estaba el inolvidable L\u00e1zaro Murcia.<\/b><\/div>\n<div><b>Fundado en 1974, Notiver surgi\u00f3 en un contexto pol\u00edtico y social complicado en M\u00e9xico. La d\u00e9cada de los setenta estuvo marcada por la agitaci\u00f3n social, la represi\u00f3n y una creciente demanda de informaci\u00f3n veraz. Alfonso Salces, un periodista visionario, entendi\u00f3 la necesidad de un medio que no solo informara, sino que tambi\u00e9n se comprometiera con la verdad y la justicia.<\/b><\/div>\n<div><b>Desde sus inicios, Notiver se destac\u00f3 por su enfoque en la cobertura de noticias locales. Adem\u00e1s de que no aceptaba la publicidad oficial del gobierno municipal, estatal o federal. Solamente depend\u00eda de la enorme circulaci\u00f3n alcanzada. La ciudad de Veracruz, con su rica historia y diversidad cultural, se convirti\u00f3 en el escenario perfecto para que Salces y su equipo comenzaran a contar historias que resonaban con la comunidad.<\/b><\/div>\n<div><b>\u00b7\u00a0\u00a0\u00a0\u00a0\u00a0 \u00a0Un Compromiso con la Verdad<\/b><\/div>\n<div><b>Uno de los pilares fundamentales de Notiver ha sido su compromiso con la veracidad. En un tiempo donde la manipulaci\u00f3n oficial de la informaci\u00f3n era com\u00fan, el peri\u00f3dico se erigi\u00f3 como un basti\u00f3n de la verdad. Cada art\u00edculo, cada reportaje, era una invitaci\u00f3n a conocer la realidad sin filtros.<\/b><\/div>\n<div><b>Este enfoque le permiti\u00f3 ganar la confianza de sus lectores. La gente sab\u00eda que pod\u00eda contar con Notiver para obtener informaci\u00f3n precisa y oportuna. Esta relaci\u00f3n de confianza se ha mantenido a lo largo de los a\u00f1os, incluso en tiempos dif\u00edciles.<\/b><\/div>\n<div><b>\u00b7\u00a0\u00a0\u00a0\u00a0\u00a0 \u00a0Innovaci\u00f3n y Adaptaci\u00f3n<\/b><\/div>\n<div><b>A lo largo de su historia, Notiver no solo ha informado, sino que tambi\u00e9n ha innovado. La llegada de nuevas tecnolog\u00edas y el auge de Internet presentaron desaf\u00edos significativos. Sin embargo, la direcci\u00f3n de Salces entendi\u00f3 la importancia de adaptarse.<\/b><\/div>\n<div><b>En los a\u00f1os 90, Notiver lanz\u00f3 su versi\u00f3n digital, lo que permiti\u00f3 alcanzar a un p\u00fablico m\u00e1s amplio. La transici\u00f3n al mundo digital no fue f\u00e1cil, pero la determinaci\u00f3n de su equipo fue clave. Al ofrecer contenido en l\u00ednea, el peri\u00f3dico pudo seguir cumpliendo con su misi\u00f3n de informar a la comunidad, sin importar el medio.<\/b><\/div>\n<div><b>\u00b7\u00a0\u00a0\u00a0\u00a0\u00a0 \u00a0La Voz de la Comunidad<\/b><\/div>\n<div><b>Notiver se ha convertido en la voz de la comunidad veracruzana. A trav\u00e9s de sus p\u00e1ginas, ha dado espacio a historias que a menudo quedan fuera del radar de otros medios. Desde denuncias sobre problemas locales hasta celebraciones de logros comunitarios, Notiver ha reflejado la diversidad y la riqueza de la vida en Veracruz.<\/b><\/div>\n<div><b>Este enfoque inclusivo ha sido fundamental para construir una conexi\u00f3n s\u00f3lida con sus lectores. La gente no solo ve a Notiver como un medio de comunicaci\u00f3n, sino como un aliado que representa sus intereses y preocupaciones.<\/b><\/div>\n<div><b>\u00b7\u00a0\u00a0\u00a0\u00a0\u00a0 \u00a0Desaf\u00edos en el Camino<\/b><\/div>\n<div><b>Como cualquier medio de comunicaci\u00f3n, Notiver ha enfrentado numerosos desaf\u00edos. La presi\u00f3n de los poderes pol\u00edticos y econ\u00f3micos ha sido constante. En varias ocasiones, periodistas del peri\u00f3dico han sido objeto de atentados fatales, amenazas y acosos por su trabajo. A pesar de estos desaf\u00edos, la \u00e9tica y la integridad han prevalecido.<\/b><\/div>\n<div><b>El equipo de Notiver ha demostrado una valent\u00eda admirable. En lugar de ceder ante la presi\u00f3n, han continuado su labor con determinaci\u00f3n. Esto no solo refleja su compromiso con el periodismo, sino tambi\u00e9n su amor por Veracruz.<\/b><\/div>\n<div><b>\u00b7\u00a0\u00a0\u00a0\u00a0\u00a0 \u00a0El Legado de Alfonso Salces<\/b><\/div>\n<div><b>Alfonso Salces es m\u00e1s que un fundador; es un s\u00edmbolo del periodismo veracruzano. Su visi\u00f3n y dedicaci\u00f3n sentaron las bases para lo que Notiver es hoy. A lo largo de los a\u00f1os, ha sido mentor de numerosos periodistas, transmitiendo su pasi\u00f3n por la verdad y la justicia.<\/b><\/div>\n<div><b>Hoy, su legado vive no solo en las p\u00e1ginas del peri\u00f3dico, sino tambi\u00e9n en la comunidad de periodistas que ha inspirado. La influencia de Salces se extiende m\u00e1s all\u00e1 de Notiver; ha contribuido a la formaci\u00f3n de una cultura period\u00edstica en Veracruz que valora la \u00e9tica y la integridad.<\/b><\/div>\n<div><b>\u00b7\u00a0\u00a0\u00a0\u00a0\u00a0 \u00a0Mirando Hacia el Futuro<\/b><\/div>\n<div><b>A medida que Notiver celebra sus 50 a\u00f1os, tambi\u00e9n mira hacia el futuro. La industria del periodismo enfrenta cambios constantes, desde la evoluci\u00f3n de las plataformas digitales hasta el creciente desaf\u00edo de las noticias falsas. Sin embargo, el compromiso de Notiver con la verdad y la comunidad sigue siendo su norte.<\/b><\/div>\n<div><b>La nueva generaci\u00f3n de periodistas que se une al equipo trae consigo ideas frescas y un enfoque renovado. Esta diversidad de voces asegura que Notiver contin\u00fae siendo relevante y que siga cumpliendo con su misi\u00f3n de informar.<\/b><\/div>\n<div><b>Celebrar 50 a\u00f1os de Notiver es celebrar la resiliencia del periodismo. En un mundo donde la informaci\u00f3n es un bien preciado, Notiver se ha mantenido firme en su compromiso de ofrecer noticias veraces y de calidad.<\/b><\/div>\n<div><b>El peri\u00f3dico no solo ha informado, sino que ha empoderado a su comunidad, ha dado voz a los sin voz y ha defendido la justicia. A medida que avanza hacia su pr\u00f3ximo cap\u00edtulo, Notiver sigue siendo un faro de esperanza y un ejemplo de lo que el periodismo puede y debe ser.<\/b><\/div>\n<div><b>Los pr\u00f3ximos a\u00f1os ser\u00e1n cruciales. La historia de Notiver es un testimonio del poder de la informaci\u00f3n y la importancia de un periodismo comprometido. Si hay algo que hemos aprendido en estos 50 a\u00f1os, es que la verdad siempre encontrar\u00e1 su camino. Y Notiver estar\u00e1 all\u00ed, con las puertas abiertas listo para contarlo.<\/b><\/div>\n<div><b>Para m\u00e1s informaci\u00f3n consulta nuestra p\u00e1gina\u00a0<a id=\"m_8954586043663165213OWA046fb782-2bbc-802a-bc66-064aa4de6690\" href=\"https:\/\/www.xn--bitacoraspolticas-ovb.com\/\" target=\"_blank\" rel=\"noopener\" data-saferedirecturl=\"https:\/\/www.google.com\/url?q=https:\/\/www.xn--bitacoraspolticas-ovb.com\/&amp;source=gmail&amp;ust=1734218438093000&amp;usg=AOvVaw1k4K4rEH9Cf-qcSBRfMoNx\">https:\/\/www.xn--<wbr \/>bitacoraspolticas-ovb.com\/<\/a><\/b><\/div>\n<div><\/div>\n<div><img data-recalc-dims=\"1\" loading=\"lazy\" decoding=\"async\" class=\"aligncenter size-full wp-image-52008\" src=\"https:\/\/i0.wp.com\/politicosaldesnudo.com.mx\/wp-content\/uploads\/2024\/12\/FIRMA-EDITORIAL-PD.jpg?resize=800%2C98&#038;ssl=1\" alt=\"\" width=\"800\" height=\"98\" srcset=\"https:\/\/i0.wp.com\/politicosaldesnudo.com.mx\/wp-content\/uploads\/2024\/12\/FIRMA-EDITORIAL-PD.jpg?w=1024&amp;ssl=1 1024w, https:\/\/i0.wp.com\/politicosaldesnudo.com.mx\/wp-content\/uploads\/2024\/12\/FIRMA-EDITORIAL-PD.jpg?resize=300%2C37&amp;ssl=1 300w, https:\/\/i0.wp.com\/politicosaldesnudo.com.mx\/wp-content\/uploads\/2024\/12\/FIRMA-EDITORIAL-PD.jpg?resize=768%2C94&amp;ssl=1 768w\" sizes=\"auto, (max-width: 800px) 100vw, 800px\" \/><\/div>\n","protected":false},"excerpt":{"rendered":"<p>\u00b7\u00a0\u00a0\u00a0\u00a0\u00a0 \u00a0Alfonso Salces, un periodista visionario, entendi\u00f3 la necesidad de un nuevo medio \u00b7\u00a0\u00a0\u00a0\u00a0\u00a0 \u00a0Se destac\u00f3 por su enfoque en<\/p>\n","protected":false},"author":4,"featured_media":46060,"comment_status":"closed","ping_status":"closed","sticky":false,"template":"","format":"standard","meta":{"colormag_page_container_layout":"default_layout","colormag_page_sidebar_layout":"default_layout","_jetpack_memberships_contains_paid_content":false,"footnotes":"","jetpack_publicize_message":"","jetpack_publicize_feature_enabled":true,"jetpack_social_post_already_shared":false,"jetpack_social_options":{"image_generator_settings":{"template":"highway","default_image_id":0,"font":"","enabled":false},"version":2}},"categories":[26],"tags":[],"class_list":["post-52329","post","type-post","status-publish","format-standard","has-post-thumbnail","hentry","category-columnistas"],"jetpack_publicize_connections":[],"jetpack_featured_media_url":"https:\/\/i0.wp.com\/politicosaldesnudo.com.mx\/wp-content\/uploads\/2024\/09\/CRISTIANI-2.jpg?fit=800%2C445&ssl=1","jetpack-related-posts":[],"jetpack_sharing_enabled":true,"_links":{"self":[{"href":"https:\/\/politicosaldesnudo.com.mx\/index.php\/wp-json\/wp\/v2\/posts\/52329","targetHints":{"allow":["GET"]}}],"collection":[{"href":"https:\/\/politicosaldesnudo.com.mx\/index.php\/wp-json\/wp\/v2\/posts"}],"about":[{"href":"https:\/\/politicosaldesnudo.com.mx\/index.php\/wp-json\/wp\/v2\/types\/post"}],"author":[{"embeddable":true,"href":"https:\/\/politicosaldesnudo.com.mx\/index.php\/wp-json\/wp\/v2\/users\/4"}],"replies":[{"embeddable":true,"href":"https:\/\/politicosaldesnudo.com.mx\/index.php\/wp-json\/wp\/v2\/comments?post=52329"}],"version-history":[{"count":0,"href":"https:\/\/politicosaldesnudo.com.mx\/index.php\/wp-json\/wp\/v2\/posts\/52329\/revisions"}],"wp:featuredmedia":[{"embeddable":true,"href":"https:\/\/politicosaldesnudo.com.mx\/index.php\/wp-json\/wp\/v2\/media\/46060"}],"wp:attachment":[{"href":"https:\/\/politicosaldesnudo.com.mx\/index.php\/wp-json\/wp\/v2\/media?parent=52329"}],"wp:term":[{"taxonomy":"category","embeddable":true,"href":"https:\/\/politicosaldesnudo.com.mx\/index.php\/wp-json\/wp\/v2\/categories?post=52329"},{"taxonomy":"post_tag","embeddable":true,"href":"https:\/\/politicosaldesnudo.com.mx\/index.php\/wp-json\/wp\/v2\/tags?post=52329"}],"curies":[{"name":"wp","href":"https:\/\/api.w.org\/{rel}","templated":true}]}}