{"id":52348,"date":"2024-12-14T00:21:10","date_gmt":"2024-12-14T06:21:10","guid":{"rendered":"https:\/\/politicosaldesnudo.com.mx\/?p=52348"},"modified":"2024-12-14T00:21:10","modified_gmt":"2024-12-14T06:21:10","slug":"desde-yucatan-defiende-sheinbaum-derecho-a-la-educacion-publica","status":"publish","type":"post","link":"https:\/\/politicosaldesnudo.com.mx\/index.php\/2024\/12\/14\/desde-yucatan-defiende-sheinbaum-derecho-a-la-educacion-publica\/","title":{"rendered":"Desde Yucat\u00e1n, defiende Sheinbaum derecho a la educaci\u00f3n p\u00fablica"},"content":{"rendered":"<p>En el marco de la entrega de certificados de graduaci\u00f3n de 117 egresados de la carrera de Formaci\u00f3n Docente de las Universidades del Bienestar Benito Ju\u00e1rez como testigo de honor, la presidenta Claudia Sheinbaum realiz\u00f3 una encendida defensa de la educaci\u00f3n p\u00fablica, como un principio que ha recorrido las cuatro transformaciones en el pa\u00eds. Desde que Jos\u00e9 Mar\u00eda Morelos pregon\u00f3 que se diera la misma educaci\u00f3n al hijo del pe\u00f3n que al hijo del hacendado; desde que Benito Ju\u00e1rez reivindic\u00f3 la educaci\u00f3n laica hasta la Revoluci\u00f3n mexicana, de la cual emergi\u00f3 la Secretar\u00eda de Educaci\u00f3n P\u00fablica.<\/p>\n<p>\u201cPara la Cuarta Transformaci\u00f3n, la educaci\u00f3n es el eje de una visi\u00f3n humanista de una construcci\u00f3n colectiva, no me gusta llamarle oportunidades. En la educaci\u00f3n p\u00fablica confluyen el esfuerzo individual de superaci\u00f3n con el esfuerzo colectivo de una reivindicaci\u00f3n social\u201d.<\/p>\n<p>\u201cNo me gusta a hablar de oportunidades, la educaci\u00f3n es un derecho. la Cuarta Transformaci\u00f3n se recupera la educaci\u00f3n p\u00fablica. Tuve privilegio de participar en una movilizaci\u00f3n estudiantil, en 1986, fuimos los estudiantes los que defend\u00edamos el derecho a la educaci\u00f3n, porque quer\u00edan subir colegiaturas, terminar con el pase autom\u00e1tico, rompiendo la cadena de educaci\u00f3n p\u00fablica, el objetivo era que solo una \u00e9lite pudiera tener acceso a la universidad\u201d.<\/p>\n<p>El resultado es que hoy no tenemos m\u00e9dicos especialistas porque pusieron ex\u00e1menes muy dif\u00edciles, esa visi\u00f3n era concebir la educaci\u00f3n como un privilegio para unos cuantos. Ahora se conjuga una visi\u00f3n que conjuga el derecho a la educaci\u00f3n con otros derechos sociales como el acceso a la vivienda, privilegio y oportunidad.<\/p>\n<p>Elogi\u00f3 el trabajo de Raquel Sosa como la coordinadora nacional de las Universidades del Bienestar que ya tiene m\u00e1s de 80 mil estudiantes en todos sus planteles. Record\u00f3 que estos planteles fueron la respuesta que dio el presidente Andr\u00e9s Manuel L\u00f3pez Obrador para garantizar el acceso a la educaci\u00f3n superior de los j\u00f3venes.<\/p>\n","protected":false},"excerpt":{"rendered":"<p>En el marco de la entrega de certificados de graduaci\u00f3n de 117 egresados de la carrera de Formaci\u00f3n Docente de<\/p>\n","protected":false},"author":4,"featured_media":52349,"comment_status":"closed","ping_status":"closed","sticky":false,"template":"","format":"standard","meta":{"colormag_page_container_layout":"default_layout","colormag_page_sidebar_layout":"default_layout","_jetpack_memberships_contains_paid_content":false,"footnotes":"","jetpack_publicize_message":"","jetpack_publicize_feature_enabled":true,"jetpack_social_post_already_shared":false,"jetpack_social_options":{"image_generator_settings":{"template":"highway","default_image_id":0,"font":"","enabled":false},"version":2}},"categories":[33],"tags":[],"class_list":["post-52348","post","type-post","status-publish","format-standard","has-post-thumbnail","hentry","category-nacional"],"jetpack_publicize_connections":[],"jetpack_featured_media_url":"https:\/\/i0.wp.com\/politicosaldesnudo.com.mx\/wp-content\/uploads\/2024\/12\/f555x315-250600_275593_5050.jpeg?fit=555%2C315&ssl=1","jetpack-related-posts":[],"jetpack_sharing_enabled":true,"_links":{"self":[{"href":"https:\/\/politicosaldesnudo.com.mx\/index.php\/wp-json\/wp\/v2\/posts\/52348","targetHints":{"allow":["GET"]}}],"collection":[{"href":"https:\/\/politicosaldesnudo.com.mx\/index.php\/wp-json\/wp\/v2\/posts"}],"about":[{"href":"https:\/\/politicosaldesnudo.com.mx\/index.php\/wp-json\/wp\/v2\/types\/post"}],"author":[{"embeddable":true,"href":"https:\/\/politicosaldesnudo.com.mx\/index.php\/wp-json\/wp\/v2\/users\/4"}],"replies":[{"embeddable":true,"href":"https:\/\/politicosaldesnudo.com.mx\/index.php\/wp-json\/wp\/v2\/comments?post=52348"}],"version-history":[{"count":0,"href":"https:\/\/politicosaldesnudo.com.mx\/index.php\/wp-json\/wp\/v2\/posts\/52348\/revisions"}],"wp:featuredmedia":[{"embeddable":true,"href":"https:\/\/politicosaldesnudo.com.mx\/index.php\/wp-json\/wp\/v2\/media\/52349"}],"wp:attachment":[{"href":"https:\/\/politicosaldesnudo.com.mx\/index.php\/wp-json\/wp\/v2\/media?parent=52348"}],"wp:term":[{"taxonomy":"category","embeddable":true,"href":"https:\/\/politicosaldesnudo.com.mx\/index.php\/wp-json\/wp\/v2\/categories?post=52348"},{"taxonomy":"post_tag","embeddable":true,"href":"https:\/\/politicosaldesnudo.com.mx\/index.php\/wp-json\/wp\/v2\/tags?post=52348"}],"curies":[{"name":"wp","href":"https:\/\/api.w.org\/{rel}","templated":true}]}}