{"id":52351,"date":"2024-12-14T00:22:53","date_gmt":"2024-12-14T06:22:53","guid":{"rendered":"https:\/\/politicosaldesnudo.com.mx\/?p=52351"},"modified":"2024-12-14T00:22:53","modified_gmt":"2024-12-14T06:22:53","slug":"lista-la-expo-canaco","status":"publish","type":"post","link":"https:\/\/politicosaldesnudo.com.mx\/index.php\/2024\/12\/14\/lista-la-expo-canaco\/","title":{"rendered":"Lista la Expo Canaco"},"content":{"rendered":"<p>La C\u00e1mara de Comercio, invita a la Expo Canaco 2024, una oportunidad para que los socios adheridos a este organismo, puedan obtener excelente repunte econ\u00f3mica en la recta final del a\u00f1o, el evento se desarrollar\u00e1 desde este viernes 13 al 15 de diciembre, en la explanada de la Presidencia Municipal.<\/p>\n<p>Este importante encuentro empresarial, ofrecer\u00e1 a los socios de la C\u00e1mara, una plataforma \u00fanica para mostrar sus productos y servicios a un amplio p\u00fablico, puesto que la Expo Canaco se ha consolidado como una de las citas comerciales m\u00e1s relevantes del a\u00f1o, y en esta edici\u00f3n se espera superar todas las expectativas.<\/p>\n<p>Ra\u00fal Pati\u00f1o, Presidente del organismo local, destac\u00f3 la importancia de este evento para el sector empresarial local, se\u00f1alando que \u00abla Expo Canaco 2024 representa una oportunidad inigualable para que nuestros socios obtengan un excelente repunte econ\u00f3mico en la recta final del a\u00f1o\u00bb.<\/p>\n<p>Los participantes podr\u00e1n aprovechar esta plataforma para establecer nuevas relaciones comerciales, aumentar sus ventas y posicionar sus marcas, adem\u00e1s de sumarse a los esfuerzos para reactivar la econom\u00eda local con la realizaci\u00f3n del evento, posicion\u00e1ndose como un motor de crecimiento para el sector empresarial.<\/p>\n<p>\u00abLa Expo Canaco 2024 es una muestra clara del compromiso de la C\u00e1mara de Comercio por apoyar a sus socios y contribuir al desarrollo econ\u00f3mico de nuestra regi\u00f3n\u00bb, concluy\u00f3 el representante empresarial.<\/p>\n<p>Por lo anterior invitan a la poblaci\u00f3n a acudir y apoyar a los diversos comercios participantes, con la finalidad de lograr cumplir con las metas de este 2024.<\/p>\n","protected":false},"excerpt":{"rendered":"<p>La C\u00e1mara de Comercio, invita a la Expo Canaco 2024, una oportunidad para que los socios adheridos a este organismo,<\/p>\n","protected":false},"author":4,"featured_media":52352,"comment_status":"closed","ping_status":"closed","sticky":false,"template":"","format":"standard","meta":{"colormag_page_container_layout":"default_layout","colormag_page_sidebar_layout":"default_layout","_jetpack_memberships_contains_paid_content":false,"footnotes":"","jetpack_publicize_message":"","jetpack_publicize_feature_enabled":true,"jetpack_social_post_already_shared":false,"jetpack_social_options":{"image_generator_settings":{"template":"highway","default_image_id":0,"font":"","enabled":false},"version":2}},"categories":[1082],"tags":[],"class_list":["post-52351","post","type-post","status-publish","format-standard","has-post-thumbnail","hentry","category-tuxpan"],"jetpack_publicize_connections":[],"jetpack_featured_media_url":"https:\/\/i0.wp.com\/politicosaldesnudo.com.mx\/wp-content\/uploads\/2024\/12\/3b1.jpg?fit=1200%2C937&ssl=1","jetpack-related-posts":[],"jetpack_sharing_enabled":true,"_links":{"self":[{"href":"https:\/\/politicosaldesnudo.com.mx\/index.php\/wp-json\/wp\/v2\/posts\/52351","targetHints":{"allow":["GET"]}}],"collection":[{"href":"https:\/\/politicosaldesnudo.com.mx\/index.php\/wp-json\/wp\/v2\/posts"}],"about":[{"href":"https:\/\/politicosaldesnudo.com.mx\/index.php\/wp-json\/wp\/v2\/types\/post"}],"author":[{"embeddable":true,"href":"https:\/\/politicosaldesnudo.com.mx\/index.php\/wp-json\/wp\/v2\/users\/4"}],"replies":[{"embeddable":true,"href":"https:\/\/politicosaldesnudo.com.mx\/index.php\/wp-json\/wp\/v2\/comments?post=52351"}],"version-history":[{"count":0,"href":"https:\/\/politicosaldesnudo.com.mx\/index.php\/wp-json\/wp\/v2\/posts\/52351\/revisions"}],"wp:featuredmedia":[{"embeddable":true,"href":"https:\/\/politicosaldesnudo.com.mx\/index.php\/wp-json\/wp\/v2\/media\/52352"}],"wp:attachment":[{"href":"https:\/\/politicosaldesnudo.com.mx\/index.php\/wp-json\/wp\/v2\/media?parent=52351"}],"wp:term":[{"taxonomy":"category","embeddable":true,"href":"https:\/\/politicosaldesnudo.com.mx\/index.php\/wp-json\/wp\/v2\/categories?post=52351"},{"taxonomy":"post_tag","embeddable":true,"href":"https:\/\/politicosaldesnudo.com.mx\/index.php\/wp-json\/wp\/v2\/tags?post=52351"}],"curies":[{"name":"wp","href":"https:\/\/api.w.org\/{rel}","templated":true}]}}