{"id":52423,"date":"2024-12-15T00:05:20","date_gmt":"2024-12-15T06:05:20","guid":{"rendered":"https:\/\/politicosaldesnudo.com.mx\/?p=52423"},"modified":"2024-12-14T18:42:08","modified_gmt":"2024-12-15T00:42:08","slug":"ciudadanos-tienen-que-seguir-luchando-por-acceso-a-la-informacion-inai-2","status":"publish","type":"post","link":"https:\/\/politicosaldesnudo.com.mx\/index.php\/2024\/12\/15\/ciudadanos-tienen-que-seguir-luchando-por-acceso-a-la-informacion-inai-2\/","title":{"rendered":"Ciudadanos tienen que seguir luchando por acceso a la informaci\u00f3n: INAI"},"content":{"rendered":"<p class=\"western\">Los comisionados del Instituto Nacional de Transparencia, Acceso a la Informaci\u00f3n y Protecci\u00f3n de Datos Personales (INAI) aseguraron este viernes que ante la pr\u00f3xima desaparici\u00f3n del organismo la ciudadan\u00eda deber\u00e1 asumir un mayor compromiso para velar por los derechos de acceso a la informaci\u00f3n y de protecci\u00f3n de datos personales.<\/p>\n<p class=\"western\">El presidente del instituto, Adri\u00e1n Alcal\u00e1, afirm\u00f3 en la ceremonia de clausura de una maestr\u00eda impartida por el INAI y la UNAM que el organismo est\u00e1 trabajando y que as\u00ed continuar\u00e1 haci\u00e9ndolo hasta el d\u00eda en que se materialice su extinci\u00f3n.<\/p>\n<p class=\"western\">La comisionada del INAI Josefina Rom\u00e1n Vergara expres\u00f3 que, en la coyuntura que enfrenta el Instituto, cada mexicana y mexicano tendr\u00e1 un mayor compromiso y responsabilidad de velar por los derechos humanos de acceso a la informaci\u00f3n y de protecci\u00f3n de datos personales. \u201cTenemos que seguir tutelando y luchando por el correcto ejercicio de los derechos humanos en M\u00e9xico\u201d.<\/p>\n<p class=\"western\">Blanca Lilia Ibarra Cadena, comisionada del INAI y Coordinadora de la Comisi\u00f3n Permanente de Capacitaci\u00f3n y Cultura de la Transparencia, se\u00f1al\u00f3 que \u201cla coyuntura en la que se ha determinado la desaparici\u00f3n de la estructura construida para el ejercicio y salvaguarda de dos derechos requerir\u00e1 de profesionales comprometidos y preparados que conozcan los alcances y avances del derecho a saber\u201d.<\/p>\n<p class=\"western\">Francisco Javier Estupi\u00f1an P\u00e9rez, representante de la generaci\u00f3n 2023-2024 de la Maestr\u00eda en Gobierno y Asuntos P\u00fablicos, asever\u00f3 que es imperante poner en la agenda p\u00fablica el futuro de los derechos de acceso a la informaci\u00f3n y de protecci\u00f3n de datos personales.<\/p>\n","protected":false},"excerpt":{"rendered":"<p>Los comisionados del Instituto Nacional de Transparencia, Acceso a la Informaci\u00f3n y Protecci\u00f3n de Datos Personales (INAI) aseguraron este viernes<\/p>\n","protected":false},"author":4,"featured_media":52420,"comment_status":"closed","ping_status":"closed","sticky":false,"template":"","format":"standard","meta":{"colormag_page_container_layout":"default_layout","colormag_page_sidebar_layout":"default_layout","_jetpack_memberships_contains_paid_content":false,"footnotes":"","jetpack_publicize_message":"","jetpack_publicize_feature_enabled":true,"jetpack_social_post_already_shared":false,"jetpack_social_options":{"image_generator_settings":{"template":"highway","default_image_id":0,"font":"","enabled":false},"version":2}},"categories":[1],"tags":[],"class_list":["post-52423","post","type-post","status-publish","format-standard","has-post-thumbnail","hentry","category-sin-categoria"],"jetpack_publicize_connections":[],"jetpack_featured_media_url":"https:\/\/i0.wp.com\/politicosaldesnudo.com.mx\/wp-content\/uploads\/2024\/12\/INAI1-1200x760-1.jpeg?fit=1200%2C760&ssl=1","jetpack-related-posts":[],"jetpack_sharing_enabled":true,"_links":{"self":[{"href":"https:\/\/politicosaldesnudo.com.mx\/index.php\/wp-json\/wp\/v2\/posts\/52423","targetHints":{"allow":["GET"]}}],"collection":[{"href":"https:\/\/politicosaldesnudo.com.mx\/index.php\/wp-json\/wp\/v2\/posts"}],"about":[{"href":"https:\/\/politicosaldesnudo.com.mx\/index.php\/wp-json\/wp\/v2\/types\/post"}],"author":[{"embeddable":true,"href":"https:\/\/politicosaldesnudo.com.mx\/index.php\/wp-json\/wp\/v2\/users\/4"}],"replies":[{"embeddable":true,"href":"https:\/\/politicosaldesnudo.com.mx\/index.php\/wp-json\/wp\/v2\/comments?post=52423"}],"version-history":[{"count":0,"href":"https:\/\/politicosaldesnudo.com.mx\/index.php\/wp-json\/wp\/v2\/posts\/52423\/revisions"}],"wp:featuredmedia":[{"embeddable":true,"href":"https:\/\/politicosaldesnudo.com.mx\/index.php\/wp-json\/wp\/v2\/media\/52420"}],"wp:attachment":[{"href":"https:\/\/politicosaldesnudo.com.mx\/index.php\/wp-json\/wp\/v2\/media?parent=52423"}],"wp:term":[{"taxonomy":"category","embeddable":true,"href":"https:\/\/politicosaldesnudo.com.mx\/index.php\/wp-json\/wp\/v2\/categories?post=52423"},{"taxonomy":"post_tag","embeddable":true,"href":"https:\/\/politicosaldesnudo.com.mx\/index.php\/wp-json\/wp\/v2\/tags?post=52423"}],"curies":[{"name":"wp","href":"https:\/\/api.w.org\/{rel}","templated":true}]}}