{"id":52469,"date":"2024-12-16T00:33:20","date_gmt":"2024-12-16T06:33:20","guid":{"rendered":"https:\/\/politicosaldesnudo.com.mx\/?p=52469"},"modified":"2024-12-16T00:33:20","modified_gmt":"2024-12-16T06:33:20","slug":"publican-perfiles-aprobados-para-contender-a-ministros-de-la-scjn","status":"publish","type":"post","link":"https:\/\/politicosaldesnudo.com.mx\/index.php\/2024\/12\/16\/publican-perfiles-aprobados-para-contender-a-ministros-de-la-scjn\/","title":{"rendered":"Publican perfiles aprobados para contender a ministros de la SCJN"},"content":{"rendered":"<p>El Comit\u00e9 de Evaluaci\u00f3n del Poder Ejecutivo public\u00f3 este domingo la lista de perfiles que fueron aprobados al cumplir los requisitos de elegibilidad, para contender en la elecci\u00f3n judicial en busca de convertirse en Ministros de la Suprema Corte de Justicia de la Naci\u00f3n (SCJN), magistrados o jueces.<\/p>\n<p>Para los 881 cargos a elegirse el pr\u00f3ximo a\u00f1o, se registraron en total 18 mil 447 personas, de las cuales, 11 mil 14 fueron aprobados, es decir, el 59 por ciento avanzaron a la siguiente etapa.<\/p>\n<p>Fueron 234 los perfiles aprobados para buscar ser ministro o ministra de la Suprema Corte de Justicia de la Naci\u00f3n. En la lista se encuentra Bernardo B\u00e1tiz, integrante del Consejo de la Judicatura Federal (CJF) y el presidente del Tribunal Federal de Justicia Administrativa (TFJA), Guillermo Valls Esponda.<\/p>\n<p>Tambi\u00e9n, est\u00e1 la ex consejera jur\u00eddica de la Presidencia de la Rep\u00fablica durante el sexenio pasado, Mar\u00eda Estela R\u00edos; el ex senador panista, Roberto Gil Zuarth; el Comisionado Ciudadano del Instituto de Transparencia, Acceso a la Informaci\u00f3n P\u00fablica, Protecci\u00f3n de Datos Personales y Rendici\u00f3n de Cuentas de la Ciudad de M\u00e9xico (INFO CDMX), Julio C\u00e9sar Bonilla Guti\u00e9rrez, y el fiscal de Puebla, Gilberto Higuera Bernal.<\/p>\n<p>En el listado aparecen Marisela Morales Iba\u00f1ez, ex titular de la entonces Procuradur\u00eda General de la Rep\u00fablica (PGR); \u00c9dgar Corzo Sosa, ex asesor del ministro en retiro Genaro G\u00f3ngora Pimentel; Jaime C\u00e1rdenas Gracia, ex director del Instituto para Devolver al Pueblo lo Robado (INDEP).<\/p>\n<p>Otros de los perfiles que buscan llegar a la Corte, son Yazm\u00edn N\u00e1jera Romero, sindica en Toluca; Sara Irene Herrer\u00edas, titular de la Fiscal\u00eda Especializada en materia de Derechos Humanos (FEMDH) de la Fiscal\u00eda General de la Rep\u00fablica (FGR); Selene Cruz Alcal\u00e1, ex titular de la Procuradur\u00eda Federal de la Defensa del Trabajo (Profedet), as\u00ed como el ex jefe delegacional en \u00c1lvaro Obreg\u00f3n Eduardo Santill\u00e1n P\u00e9rez.<\/p>\n","protected":false},"excerpt":{"rendered":"<p>El Comit\u00e9 de Evaluaci\u00f3n del Poder Ejecutivo public\u00f3 este domingo la lista de perfiles que fueron aprobados al cumplir los<\/p>\n","protected":false},"author":4,"featured_media":52470,"comment_status":"closed","ping_status":"closed","sticky":false,"template":"","format":"standard","meta":{"colormag_page_container_layout":"default_layout","colormag_page_sidebar_layout":"default_layout","_jetpack_memberships_contains_paid_content":false,"footnotes":"","jetpack_publicize_message":"","jetpack_publicize_feature_enabled":true,"jetpack_social_post_already_shared":false,"jetpack_social_options":{"image_generator_settings":{"template":"highway","default_image_id":0,"font":"","enabled":false},"version":2}},"categories":[33],"tags":[],"class_list":["post-52469","post","type-post","status-publish","format-standard","has-post-thumbnail","hentry","category-nacional"],"jetpack_publicize_connections":[],"jetpack_featured_media_url":"https:\/\/i0.wp.com\/politicosaldesnudo.com.mx\/wp-content\/uploads\/2024\/12\/SCJN.jpg?fit=900%2C506&ssl=1","jetpack-related-posts":[],"jetpack_sharing_enabled":true,"_links":{"self":[{"href":"https:\/\/politicosaldesnudo.com.mx\/index.php\/wp-json\/wp\/v2\/posts\/52469","targetHints":{"allow":["GET"]}}],"collection":[{"href":"https:\/\/politicosaldesnudo.com.mx\/index.php\/wp-json\/wp\/v2\/posts"}],"about":[{"href":"https:\/\/politicosaldesnudo.com.mx\/index.php\/wp-json\/wp\/v2\/types\/post"}],"author":[{"embeddable":true,"href":"https:\/\/politicosaldesnudo.com.mx\/index.php\/wp-json\/wp\/v2\/users\/4"}],"replies":[{"embeddable":true,"href":"https:\/\/politicosaldesnudo.com.mx\/index.php\/wp-json\/wp\/v2\/comments?post=52469"}],"version-history":[{"count":0,"href":"https:\/\/politicosaldesnudo.com.mx\/index.php\/wp-json\/wp\/v2\/posts\/52469\/revisions"}],"wp:featuredmedia":[{"embeddable":true,"href":"https:\/\/politicosaldesnudo.com.mx\/index.php\/wp-json\/wp\/v2\/media\/52470"}],"wp:attachment":[{"href":"https:\/\/politicosaldesnudo.com.mx\/index.php\/wp-json\/wp\/v2\/media?parent=52469"}],"wp:term":[{"taxonomy":"category","embeddable":true,"href":"https:\/\/politicosaldesnudo.com.mx\/index.php\/wp-json\/wp\/v2\/categories?post=52469"},{"taxonomy":"post_tag","embeddable":true,"href":"https:\/\/politicosaldesnudo.com.mx\/index.php\/wp-json\/wp\/v2\/tags?post=52469"}],"curies":[{"name":"wp","href":"https:\/\/api.w.org\/{rel}","templated":true}]}}