{"id":5250,"date":"2022-05-13T06:30:17","date_gmt":"2022-05-13T11:30:17","guid":{"rendered":"https:\/\/politicosaldesnudo.com.mx\/?p=5250"},"modified":"2022-05-13T06:30:17","modified_gmt":"2022-05-13T11:30:17","slug":"cumbre-entre-iguales","status":"publish","type":"post","link":"https:\/\/politicosaldesnudo.com.mx\/index.php\/2022\/05\/13\/cumbre-entre-iguales\/","title":{"rendered":"Cumbre entre iguales"},"content":{"rendered":"<p class=\"p1\">\n<p class=\"p1\"><span style=\"font-size: 18pt;\"><b>Por \u00c1ngel \u00c1lvaro Pe\u00f1a<\/b><\/span><\/p>\n<p class=\"p1\"><span style=\"font-size: 14pt;\">En una<strong> reuni\u00f3n entre iguales cualquiera es libre de faltar<\/strong>, incluso de condicionar su asistencia si no se invita a sus amigos. <strong>Eso no puede llamarse sabotaje<\/strong>, porque sabotaje es ampararse ante toda obra p\u00fablica que inicia el gobierno, <strong>pedir renuncias de funcionarios p\u00fablicos cada ma\u00f1ana<\/strong>, exigir comparecencias para expliquen lo que a otros no les parece y s\u00f3lo los distraen de sus ocupaciones. <strong>Eso es sabotaje.<\/strong><\/span><\/p>\n<p class=\"p1\"><span style=\"font-size: 14pt;\"><strong>No asistir a una reuni\u00f3n entre iguales por el simple hecho de que haya unos m\u00e1s amigos que otros<\/strong>, que es normal en toda comunidad, <strong>no implica una guerra contra el anfitri\u00f3n<\/strong>, a menos que se le quiera responsabilizar a alguno de ellos de tener seguidores involuntarios, entonces <strong>estamos hablando de un l\u00edder no de un saboteador<\/strong>, hay que conocer el significado de las palabras y algo de pol\u00edtica para entenderlo.<\/span><\/p>\n<p>&nbsp;<\/p>\n<p class=\"p1\"><span style=\"font-size: 18pt;\"><strong>Si en los preparativos de la Cumbre de las Am\u00e9ricas se anuncia que algunos pa\u00edses del continente no est\u00e1n incluidos en una lista escrita por la geograf\u00eda y no por la pol\u00edtica, y surge uno de los miembros para decir que se incluya a todos, no representa una rebeld\u00eda ante la Cumbre sino la exigencia de equidad que marca la ubicaci\u00f3n planetaria de las naciones. Cuesti\u00f3n de altitud y latitud.<\/strong><\/span><\/p>\n<p>&nbsp;<\/p>\n<p><img data-recalc-dims=\"1\" loading=\"lazy\" decoding=\"async\" class=\"aligncenter wp-image-5251 size-large\" src=\"https:\/\/i0.wp.com\/politicosaldesnudo.com.mx\/wp-content\/uploads\/2022\/05\/18-09-2021-VI-CUMBRE-DE-LA-COMUNIDAD-DE-ESTADOS-LATINOAMERICANOS-Y-CARIBEN%CC%83OS-SALON-DE-LA-TESORERIA-PALACIO-NACIONAL-FOTO-019-1024x681.jpeg?resize=800%2C532&#038;ssl=1\" alt=\"\" width=\"800\" height=\"532\" srcset=\"https:\/\/i0.wp.com\/politicosaldesnudo.com.mx\/wp-content\/uploads\/2022\/05\/18-09-2021-VI-CUMBRE-DE-LA-COMUNIDAD-DE-ESTADOS-LATINOAMERICANOS-Y-CARIBEN%CC%83OS-SALON-DE-LA-TESORERIA-PALACIO-NACIONAL-FOTO-019.jpeg?resize=1024%2C681&amp;ssl=1 1024w, https:\/\/i0.wp.com\/politicosaldesnudo.com.mx\/wp-content\/uploads\/2022\/05\/18-09-2021-VI-CUMBRE-DE-LA-COMUNIDAD-DE-ESTADOS-LATINOAMERICANOS-Y-CARIBEN%CC%83OS-SALON-DE-LA-TESORERIA-PALACIO-NACIONAL-FOTO-019.jpeg?resize=300%2C200&amp;ssl=1 300w, https:\/\/i0.wp.com\/politicosaldesnudo.com.mx\/wp-content\/uploads\/2022\/05\/18-09-2021-VI-CUMBRE-DE-LA-COMUNIDAD-DE-ESTADOS-LATINOAMERICANOS-Y-CARIBEN%CC%83OS-SALON-DE-LA-TESORERIA-PALACIO-NACIONAL-FOTO-019.jpeg?resize=768%2C511&amp;ssl=1 768w, https:\/\/i0.wp.com\/politicosaldesnudo.com.mx\/wp-content\/uploads\/2022\/05\/18-09-2021-VI-CUMBRE-DE-LA-COMUNIDAD-DE-ESTADOS-LATINOAMERICANOS-Y-CARIBEN%CC%83OS-SALON-DE-LA-TESORERIA-PALACIO-NACIONAL-FOTO-019.jpeg?resize=1536%2C1022&amp;ssl=1 1536w, https:\/\/i0.wp.com\/politicosaldesnudo.com.mx\/wp-content\/uploads\/2022\/05\/18-09-2021-VI-CUMBRE-DE-LA-COMUNIDAD-DE-ESTADOS-LATINOAMERICANOS-Y-CARIBEN%CC%83OS-SALON-DE-LA-TESORERIA-PALACIO-NACIONAL-FOTO-019.jpeg?resize=2048%2C1362&amp;ssl=1 2048w, https:\/\/i0.wp.com\/politicosaldesnudo.com.mx\/wp-content\/uploads\/2022\/05\/18-09-2021-VI-CUMBRE-DE-LA-COMUNIDAD-DE-ESTADOS-LATINOAMERICANOS-Y-CARIBEN%CC%83OS-SALON-DE-LA-TESORERIA-PALACIO-NACIONAL-FOTO-019.jpeg?w=1600&amp;ssl=1 1600w\" sizes=\"auto, (max-width: 800px) 100vw, 800px\" \/><\/p>\n<p>&nbsp;<\/p>\n<p class=\"p1\"><strong><span style=\"font-size: 18pt;\">Acusar al presidente L\u00f3pez Obrador de saboteador es entregarle el reconocimiento de l\u00edder regional, que, por cierto, se ha ganado a pulso; sin embargo, no es el caso ni viene al tema porque se habla de una junta entre pares, no de liderazgos. Porque ni es l\u00edder el anfitri\u00f3n ni el hu\u00e9sped, todos viven en el mismo continente, Y esa casa no puede dividirse por las ideas diferentes.<\/span><\/strong><\/p>\n<p>&nbsp;<\/p>\n<p class=\"p1\"><span style=\"font-size: 14pt;\"><strong>Si es l\u00edder o no, podr\u00e1 verse de manera muy clara con la reacci\u00f3n de los latinos, sobre todo, mexicanos, en los alrededores de la sede de la Cumbre, quienes seguramente protestar\u00e1n por la ausencia de L\u00f3pez Obrador y sus razones.<\/strong> En Los \u00c1ngeles, California, territorio estadounidense, el Presidente de M\u00e9xico es un l\u00edder. No un saboteador. Su ausencia puede ocasionar un sabotaje pero no preparado por \u00e9l sino por la necesidad de muchos mexicanos residentes del otro lado del frontera, que quieren verlo aunque sea de lejos.<\/span><\/p>\n<p class=\"p1\"><span style=\"font-size: 14pt;\">En ese detalle ning\u00fan conservador de este lado de la frontera ha pensado. De nada servir\u00edan las vallas ni los caballos entrenados para rechazar violentamente a la gente. Lo realmente preocupante en ese momento no ser\u00eda la realizaci\u00f3n de la Cumbre con todos o con excepciones, sino las elecciones de noviembre donde a partir de estos comicios los mexicanos \u2014primera minor\u00eda \u00e9tica en Estados Unidos \u2014, pueden hacer ganar o perder a los candidatos de estados como California, Texas, Nuevo M\u00e9xico, Illinois, Nuevo M\u00e9xico, etc. Y la propia Presidencia.<\/span><\/p>\n<p>&nbsp;<\/p>\n<p class=\"p1\"><span style=\"font-size: 18pt;\"><strong>No invitar a Cuba, Nicaragua o Venezuela es s\u00f3lo un capricho comparado con lo que pueden perder si no los invitan. Estar\u00eda abriendo las puertas del poder a los candidatos republicanos. Lo cual convertir\u00eda, adem\u00e1s a Biden en uno de los peores presidentes del vecino pa\u00eds del norte, actualmente con 31 por ciento de aceptaci\u00f3n.<\/strong><\/span><\/p>\n<p>&nbsp;<\/p>\n<p class=\"p1\"><span style=\"font-size: 14pt;\">Es entonces cuando debe parecer un l\u00edder, no un saboteador, para crear equilibrios. Un l\u00edder no es el que deja sin fichas al contrincante sino el que gana la partida. En b\u00e9isbol las carreras ganadas valen lo mismo que ganar con blanqueada que en <i>extrainnings.<\/i><\/span><\/p>\n<p class=\"p1\"><span style=\"font-size: 14pt;\">Comparar el actual momento con el pasado. Ver la vecindad presente montada en el pasado, implica no darse cuenta de lo que est\u00e1 alrededor. Toda amistad, vecindad, hermandad se transforma, se aleja o se aproximan sus integrantes, nada es igual y menos en pol\u00edtica, pero quienes se empecinan en comparar presente con pasado se niegan pensar en el futuro y esto es un retroceso que descalifica a cualquiera como int\u00e9rprete de la realidad.<\/span><\/p>\n<p>&nbsp;<\/p>\n<p class=\"p1\"><span style=\"font-size: 18pt;\"><strong>Algunos sectores de la poblaci\u00f3n en M\u00e9xico a\u00f1oran el pasado porque en \u00e9l tuvieron romances con el poder, eso los hac\u00eda sentir diferentes, exclusivos, poderosos. La sorpresa es que somos todos iguales, las diferencias las marcan quienes quieren ver y los que tienen ojos en la nuca.<\/strong><\/span><\/p>\n<p>&nbsp;<\/p>\n<p class=\"p1\"><span style=\"font-size: 14pt;\">Hay todav\u00eda quienes creen que el sistema pol\u00edtico de Estados Unidos es democr\u00e1tico, incluso hay quienes se arriesgan al rid\u00edculo al decir que es el pa\u00eds m\u00e1s democr\u00e1tico del mundo. C\u00f3mo poder ser democr\u00e1tico un pa\u00eds con s\u00f3lo dos partidos pol\u00edticos con ra\u00edces migrantes de todos los pa\u00edses del planeta. Ese pa\u00eds est\u00e1 hecho de migrantes y por ello hay m\u00e1s de 100 partidos pol\u00edticos en la clandestinidad. Pareciera extra\u00f1o que todav\u00eda hay quienes les creen m\u00e1s a las pel\u00edculas de Hollywood que a las noticas. Incluso existen resabios que aseguran que el comunismo existe y lo colocan como estandarte del apocalipsis.<\/span><\/p>\n<p>&nbsp;<\/p>\n<p class=\"p1\"><span style=\"font-size: 18pt;\"><strong>As\u00ed el vecino pa\u00eds del norte se erige como un pa\u00eds democr\u00e1tico y sobre esa falacia impone como condici\u00f3n invitar s\u00f3lo a sus amigos, que son ejemplo de democracia. Colombia, por ejemplo, donde se reprime a la poblaci\u00f3n un d\u00eda y el otro tambi\u00e9n, Brasil, donde el militar que gobierna el pa\u00eds es admirador de Hitler, entre otros.<\/strong><\/span><\/p>\n<p>&nbsp;<\/p>\n<p class=\"p1\"><span style=\"font-size: 14pt;\">C\u00f3mo puede ser democr\u00e1tico un pa\u00eds que financia golpes de estado como el de Chile, o matanzas de sus j\u00f3venes en Vietnam, donde nunca hubo posibilidad de triunfo y enga\u00f1aban a sus ciudadanos diciendo que faltaba poco para el triunfo final. Se retiraron de ah\u00ed como de Afganist\u00e1n, Siria, Irak, etc. Eso s\u00ed vendieron muchas armas e hicieron un gran negocio. Esa es su democracia.<\/span><\/p>\n<p class=\"p1\"><span style=\"font-size: 18pt;\"><strong>As\u00ed,\u00a0Estados Unidos, anfitri\u00f3n de la IX Cumbre de las Am\u00e9ricas en junio, record\u00f3 que el respeto a la democracia es \u00abcondici\u00f3n\u00bb para participar en la cita; los presidentes de M\u00e9xico y Bolivia ya supeditaron su asistencia a que no haya exclusiones.<\/strong><\/span><\/p>\n<p>&nbsp;<\/p>\n<p class=\"p1\"><strong><span style=\"font-size: 14pt;\">Al parecer hay muchas formas de ver a los l\u00edderes, a la democracia, a los saboteadores, pero hay un solo sentido com\u00fan que camina con la historia. S\u00f3lo hace falta consultarla.<\/span><\/strong><\/p>\n<p class=\"p1\"><span style=\"font-size: 14pt;\"><b>PEGA Y CORRE. <\/b>Mientras unos dicen que L\u00f3pez Obrador tienen los guantes de boxeo puestos, sus respectivos gobiernos invierten conjuntamente cuatro mil 200 millones de d\u00f3lares para modernizar la infraestructura fronteriza en materia aduanera, basada en el uso de la tecnolog\u00eda para detener el trasiego de armas, fentanilo y dinero \u201cque va y viene\u201d\u2026 Son otros tiempos\u2026 <\/span><\/p>\n<p>&nbsp;<\/p>\n<p class=\"p1\"><strong><span style=\"font-size: 18pt;\">Esta columna se publica los lunes, mi\u00e9rcoles y viernes.<\/span><\/strong><\/p>\n<p>&nbsp;<\/p>\n<p>&nbsp;<\/p>\n<p>&nbsp;<\/p>\n","protected":false},"excerpt":{"rendered":"<p>Por \u00c1ngel \u00c1lvaro Pe\u00f1a En una reuni\u00f3n entre iguales cualquiera es libre de faltar, incluso de condicionar su asistencia si<\/p>\n","protected":false},"author":4,"featured_media":3775,"comment_status":"closed","ping_status":"closed","sticky":false,"template":"","format":"standard","meta":{"colormag_page_container_layout":"default_layout","colormag_page_sidebar_layout":"default_layout","_jetpack_memberships_contains_paid_content":false,"footnotes":"","jetpack_publicize_message":"","jetpack_publicize_feature_enabled":true,"jetpack_social_post_already_shared":true,"jetpack_social_options":{"image_generator_settings":{"template":"highway","default_image_id":0,"font":"","enabled":false},"version":2}},"categories":[26],"tags":[95,602,81],"class_list":["post-5250","post","type-post","status-publish","format-standard","has-post-thumbnail","hentry","category-columnistas","tag-andres-manuel-lopez-obrador","tag-cumbre-de-las-americas","tag-joe-biden"],"jetpack_publicize_connections":[],"jetpack_featured_media_url":"https:\/\/i0.wp.com\/politicosaldesnudo.com.mx\/wp-content\/uploads\/2022\/04\/A%CC%81NGEL-A%CC%81LVARO-PEN%CC%83A1.png?fit=1816%2C1016&ssl=1","jetpack-related-posts":[],"jetpack_sharing_enabled":true,"_links":{"self":[{"href":"https:\/\/politicosaldesnudo.com.mx\/index.php\/wp-json\/wp\/v2\/posts\/5250","targetHints":{"allow":["GET"]}}],"collection":[{"href":"https:\/\/politicosaldesnudo.com.mx\/index.php\/wp-json\/wp\/v2\/posts"}],"about":[{"href":"https:\/\/politicosaldesnudo.com.mx\/index.php\/wp-json\/wp\/v2\/types\/post"}],"author":[{"embeddable":true,"href":"https:\/\/politicosaldesnudo.com.mx\/index.php\/wp-json\/wp\/v2\/users\/4"}],"replies":[{"embeddable":true,"href":"https:\/\/politicosaldesnudo.com.mx\/index.php\/wp-json\/wp\/v2\/comments?post=5250"}],"version-history":[{"count":0,"href":"https:\/\/politicosaldesnudo.com.mx\/index.php\/wp-json\/wp\/v2\/posts\/5250\/revisions"}],"wp:featuredmedia":[{"embeddable":true,"href":"https:\/\/politicosaldesnudo.com.mx\/index.php\/wp-json\/wp\/v2\/media\/3775"}],"wp:attachment":[{"href":"https:\/\/politicosaldesnudo.com.mx\/index.php\/wp-json\/wp\/v2\/media?parent=5250"}],"wp:term":[{"taxonomy":"category","embeddable":true,"href":"https:\/\/politicosaldesnudo.com.mx\/index.php\/wp-json\/wp\/v2\/categories?post=5250"},{"taxonomy":"post_tag","embeddable":true,"href":"https:\/\/politicosaldesnudo.com.mx\/index.php\/wp-json\/wp\/v2\/tags?post=5250"}],"curies":[{"name":"wp","href":"https:\/\/api.w.org\/{rel}","templated":true}]}}