{"id":52503,"date":"2024-12-16T00:56:18","date_gmt":"2024-12-16T06:56:18","guid":{"rendered":"https:\/\/politicosaldesnudo.com.mx\/?p=52503"},"modified":"2024-12-16T00:56:18","modified_gmt":"2024-12-16T06:56:18","slug":"celebra-alba-en-caracas-su-20-aniversario","status":"publish","type":"post","link":"https:\/\/politicosaldesnudo.com.mx\/index.php\/2024\/12\/16\/celebra-alba-en-caracas-su-20-aniversario\/","title":{"rendered":"Celebra ALBA en Caracas su 20 aniversario"},"content":{"rendered":"<p class=\"s-s\">El bloque de la Alianza Bolivariana para los Pueblos de Nuestra Am\u00e9rica-Tratado de Comercio de los Pueblos (ALBA-TCP), creado el 14 de diciembre de 2004 por Fidel Castro (1926-2016) y Hugo Ch\u00e1vez (1954-2013), cerr\u00f3 ayer la cumbre por su 20 aniversario con la promesa de crear\u00a0<q>nuevas ofensivas pol\u00edtica y econ\u00f3mica<\/q>.<\/p>\n<p>Durante la sesi\u00f3n conmemorativa, los mandatarios, primeros ministros, as\u00ed como otras autoridades miembros del bloque aprobaron , m\u00faltiples documentos, en especial la Declaraci\u00f3n Especial de la 24 cumbre: Reafirmaci\u00f3n de los principios, objetivos, compromisos y banderas de lucha del ALBA-TCP.<\/p>\n<p>El presidente venezolano, Nicol\u00e1s Maduro, anfitri\u00f3n de la cumbre, asegur\u00f3 que el texto consensuado ratifica el camino iniciado hace dos d\u00e9cadas bajo los principios de respeto a la independencia y la soberan\u00eda, adem\u00e1s de la integraci\u00f3n, cooperaci\u00f3n solidaria y complementariedad, lo que se constituy\u00f3 un\u00a0<q>abrazo que marca el rumbo de nuestra historia<\/q>.<\/p>\n<p>La cita se realiz\u00f3 en el Centro de Convenciones Parque Sim\u00f3n Bol\u00edvar, La Carlota, en Caracas, con la asistencia de los 10 miembros que componen bloque regional: Venezuela, Bolivia, Cuba, Nicaragua, la Mancomunidad de Dominica, Antigua y Barbuda, San Vicente y Las Granadinas, Santa Luc\u00eda, San Crist\u00f3bal y Nieves, as\u00ed como Granada. Adem\u00e1s, asistieron como invitados especiales representantes de Honduras y Palestina.<\/p>\n","protected":false},"excerpt":{"rendered":"<p>El bloque de la Alianza Bolivariana para los Pueblos de Nuestra Am\u00e9rica-Tratado de Comercio de los Pueblos (ALBA-TCP), creado el<\/p>\n","protected":false},"author":4,"featured_media":52504,"comment_status":"closed","ping_status":"closed","sticky":false,"template":"","format":"standard","meta":{"colormag_page_container_layout":"default_layout","colormag_page_sidebar_layout":"default_layout","_jetpack_memberships_contains_paid_content":false,"footnotes":"","jetpack_publicize_message":"","jetpack_publicize_feature_enabled":true,"jetpack_social_post_already_shared":false,"jetpack_social_options":{"image_generator_settings":{"template":"highway","default_image_id":0,"font":"","enabled":false},"version":2}},"categories":[28],"tags":[],"class_list":["post-52503","post","type-post","status-publish","format-standard","has-post-thumbnail","hentry","category-internacional"],"jetpack_publicize_connections":[],"jetpack_featured_media_url":"https:\/\/i0.wp.com\/politicosaldesnudo.com.mx\/wp-content\/uploads\/2024\/12\/cb6a16ebc88dcf7ad8764ff0d47cef46.jpg?fit=721%2C481&ssl=1","jetpack-related-posts":[],"jetpack_sharing_enabled":true,"_links":{"self":[{"href":"https:\/\/politicosaldesnudo.com.mx\/index.php\/wp-json\/wp\/v2\/posts\/52503","targetHints":{"allow":["GET"]}}],"collection":[{"href":"https:\/\/politicosaldesnudo.com.mx\/index.php\/wp-json\/wp\/v2\/posts"}],"about":[{"href":"https:\/\/politicosaldesnudo.com.mx\/index.php\/wp-json\/wp\/v2\/types\/post"}],"author":[{"embeddable":true,"href":"https:\/\/politicosaldesnudo.com.mx\/index.php\/wp-json\/wp\/v2\/users\/4"}],"replies":[{"embeddable":true,"href":"https:\/\/politicosaldesnudo.com.mx\/index.php\/wp-json\/wp\/v2\/comments?post=52503"}],"version-history":[{"count":0,"href":"https:\/\/politicosaldesnudo.com.mx\/index.php\/wp-json\/wp\/v2\/posts\/52503\/revisions"}],"wp:featuredmedia":[{"embeddable":true,"href":"https:\/\/politicosaldesnudo.com.mx\/index.php\/wp-json\/wp\/v2\/media\/52504"}],"wp:attachment":[{"href":"https:\/\/politicosaldesnudo.com.mx\/index.php\/wp-json\/wp\/v2\/media?parent=52503"}],"wp:term":[{"taxonomy":"category","embeddable":true,"href":"https:\/\/politicosaldesnudo.com.mx\/index.php\/wp-json\/wp\/v2\/categories?post=52503"},{"taxonomy":"post_tag","embeddable":true,"href":"https:\/\/politicosaldesnudo.com.mx\/index.php\/wp-json\/wp\/v2\/tags?post=52503"}],"curies":[{"name":"wp","href":"https:\/\/api.w.org\/{rel}","templated":true}]}}