{"id":52557,"date":"2024-12-17T00:00:57","date_gmt":"2024-12-17T06:00:57","guid":{"rendered":"https:\/\/politicosaldesnudo.com.mx\/?p=52557"},"modified":"2024-12-17T00:00:57","modified_gmt":"2024-12-17T06:00:57","slug":"derechos-humanos-operara-con-guardias","status":"publish","type":"post","link":"https:\/\/politicosaldesnudo.com.mx\/index.php\/2024\/12\/17\/derechos-humanos-operara-con-guardias\/","title":{"rendered":"Derechos Humanos operar\u00e1 con guardias"},"content":{"rendered":"<p>La Delegaci\u00f3n Regional de Derechos Humanos, dirigida por Jos\u00e9 Luis Hern\u00e1ndez Galicia, anunci\u00f3 que, durante el periodo vacacional de invierno, que inici\u00f3 este lunes y concluir\u00e1 el 7 de enero de 2025, se mantendr\u00e1n guardias en horario normal para atender casos urgentes.<\/p>\n<p>El titular explic\u00f3 que las oficinas trabajar\u00e1n de lunes a viernes, de 9:00 a 18:00 horas, con una pausa de 14:00 a 15:00 horas para la comida. Sin embargo, permanecer\u00e1n cerradas los d\u00edas festivos 25 de diciembre y 1 de enero. \u00abEs importante que la ciudadan\u00eda considere que, al estar en guardia, se atender\u00e1n \u00fanicamente situaciones de urgencia. El resto de las solicitudes ser\u00e1n procesadas a partir del 8 de enero\u00bb, detall\u00f3.<\/p>\n<p>Destac\u00f3 que, al cierre de 2024, se habr\u00e1n atendido alrededor de 800 solicitudes de intervenci\u00f3n, incluyendo orientaciones, gestiones y quejas. De estas, 113 corresponden a expedientes de queja formal por presuntas violaciones a los derechos humanos que ameritaron una investigaci\u00f3n.<\/p>\n<p>Entre las gestiones m\u00e1s frecuentes se encuentran casos donde ciudadanos enfrentaron problemas administrativos, como negativa de atenci\u00f3n en fiscal\u00edas o retrasos en tr\u00e1mites municipales. \u00abIntervenimos para resolver estos casos sin necesidad de iniciar un expediente formal\u00bb, explic\u00f3.<\/p>\n<p>Por otro lado, las orientaciones incluyeron asesor\u00edas en temas ajenos a la competencia de la comisi\u00f3n, como cuestiones laborales, donde se dirigi\u00f3 a los ciudadanos a las instancias correspondientes.<\/p>\n","protected":false},"excerpt":{"rendered":"<p>La Delegaci\u00f3n Regional de Derechos Humanos, dirigida por Jos\u00e9 Luis Hern\u00e1ndez Galicia, anunci\u00f3 que, durante el periodo vacacional de invierno,<\/p>\n","protected":false},"author":4,"featured_media":52558,"comment_status":"closed","ping_status":"closed","sticky":false,"template":"","format":"standard","meta":{"colormag_page_container_layout":"default_layout","colormag_page_sidebar_layout":"default_layout","_jetpack_memberships_contains_paid_content":false,"footnotes":"","jetpack_publicize_message":"","jetpack_publicize_feature_enabled":true,"jetpack_social_post_already_shared":false,"jetpack_social_options":{"image_generator_settings":{"template":"highway","default_image_id":0,"font":"","enabled":false},"version":2}},"categories":[1082],"tags":[],"class_list":["post-52557","post","type-post","status-publish","format-standard","has-post-thumbnail","hentry","category-tuxpan"],"jetpack_publicize_connections":[],"jetpack_featured_media_url":"https:\/\/i0.wp.com\/politicosaldesnudo.com.mx\/wp-content\/uploads\/2024\/12\/3c1.jpg?fit=1600%2C1200&ssl=1","jetpack-related-posts":[],"jetpack_sharing_enabled":true,"_links":{"self":[{"href":"https:\/\/politicosaldesnudo.com.mx\/index.php\/wp-json\/wp\/v2\/posts\/52557","targetHints":{"allow":["GET"]}}],"collection":[{"href":"https:\/\/politicosaldesnudo.com.mx\/index.php\/wp-json\/wp\/v2\/posts"}],"about":[{"href":"https:\/\/politicosaldesnudo.com.mx\/index.php\/wp-json\/wp\/v2\/types\/post"}],"author":[{"embeddable":true,"href":"https:\/\/politicosaldesnudo.com.mx\/index.php\/wp-json\/wp\/v2\/users\/4"}],"replies":[{"embeddable":true,"href":"https:\/\/politicosaldesnudo.com.mx\/index.php\/wp-json\/wp\/v2\/comments?post=52557"}],"version-history":[{"count":0,"href":"https:\/\/politicosaldesnudo.com.mx\/index.php\/wp-json\/wp\/v2\/posts\/52557\/revisions"}],"wp:featuredmedia":[{"embeddable":true,"href":"https:\/\/politicosaldesnudo.com.mx\/index.php\/wp-json\/wp\/v2\/media\/52558"}],"wp:attachment":[{"href":"https:\/\/politicosaldesnudo.com.mx\/index.php\/wp-json\/wp\/v2\/media?parent=52557"}],"wp:term":[{"taxonomy":"category","embeddable":true,"href":"https:\/\/politicosaldesnudo.com.mx\/index.php\/wp-json\/wp\/v2\/categories?post=52557"},{"taxonomy":"post_tag","embeddable":true,"href":"https:\/\/politicosaldesnudo.com.mx\/index.php\/wp-json\/wp\/v2\/tags?post=52557"}],"curies":[{"name":"wp","href":"https:\/\/api.w.org\/{rel}","templated":true}]}}