{"id":52560,"date":"2024-12-17T00:02:13","date_gmt":"2024-12-17T06:02:13","guid":{"rendered":"https:\/\/politicosaldesnudo.com.mx\/?p=52560"},"modified":"2024-12-17T00:02:13","modified_gmt":"2024-12-17T06:02:13","slug":"analizan-desafios-de-elecciones-conjuntas","status":"publish","type":"post","link":"https:\/\/politicosaldesnudo.com.mx\/index.php\/2024\/12\/17\/analizan-desafios-de-elecciones-conjuntas\/","title":{"rendered":"Analizan desaf\u00edos de elecciones conjuntas"},"content":{"rendered":"<p>Juan Kilomaco Hern\u00e1ndez Bustos, presidente de la Barra de Abogados de Tuxpan, expres\u00f3 su preocupaci\u00f3n y an\u00e1lisis sobre la decisi\u00f3n de llevar a cabo simult\u00e1neamente las elecciones municipales y judiciales en Veracruz el pr\u00f3ximo a\u00f1o, se\u00f1alando retos significativos en la organizaci\u00f3n, el conocimiento ciudadano y la capacidad de los aspirantes al Poder Judicial.<\/p>\n<p>Seg\u00fan el Instituto Nacional Electoral (INE), la elecci\u00f3n incluir\u00e1 la votaci\u00f3n de jueces, ministros y magistrados en el \u00e1mbito nacional, adem\u00e1s de los 212 alcaldes de Veracruz, lo que podr\u00eda derivar en boletas extensas y complicadas para el electorado.<\/p>\n<p>Hern\u00e1ndez Bustos indic\u00f3 que el mayor reto ser\u00e1 que la poblaci\u00f3n comprenda la importancia de estos comicios judiciales y tenga el conocimiento necesario para elegir candidatos capacitados.<\/p>\n<p>\u00abEl verdadero reto es si la gente sabe por qui\u00e9n est\u00e1 votando\u00bb, afirm\u00f3. Explic\u00f3 que las decisiones de los magistrados impactar\u00e1n directamente en aspectos clave como la libertad, el patrimonio y la justicia en la vida cotidiana de los ciudadanos, lo que subraya la importancia de un electorado informado.<\/p>\n<p>Hern\u00e1ndez Bustos tambi\u00e9n critic\u00f3 que algunos aspirantes carecen de experiencia en el \u00e1mbito judicial. \u00abAyer salieron las listas y vi varios que nunca han pisado un juzgado, y est\u00e1n aspirando a magistraturas de circuito. Esto refleja la necesidad de establecer criterios estrictos para los candidatos\u00bb, a\u00f1adi\u00f3.<\/p>\n<p>Otro punto se\u00f1alado fue el desaf\u00edo de fomentar la participaci\u00f3n ciudadana. Seg\u00fan el abogado, la estad\u00edstica muestra que menos del 50 por ciento de la poblaci\u00f3n participa en elecciones locales, lo que podr\u00eda ser un obst\u00e1culo para legitimar a los nuevos integrantes del Poder Judicial.<\/p>\n","protected":false},"excerpt":{"rendered":"<p>Juan Kilomaco Hern\u00e1ndez Bustos, presidente de la Barra de Abogados de Tuxpan, expres\u00f3 su preocupaci\u00f3n y an\u00e1lisis sobre la decisi\u00f3n<\/p>\n","protected":false},"author":4,"featured_media":52561,"comment_status":"closed","ping_status":"closed","sticky":false,"template":"","format":"standard","meta":{"colormag_page_container_layout":"default_layout","colormag_page_sidebar_layout":"default_layout","_jetpack_memberships_contains_paid_content":false,"footnotes":"","jetpack_publicize_message":"","jetpack_publicize_feature_enabled":true,"jetpack_social_post_already_shared":false,"jetpack_social_options":{"image_generator_settings":{"template":"highway","default_image_id":0,"font":"","enabled":false},"version":2}},"categories":[1082],"tags":[],"class_list":["post-52560","post","type-post","status-publish","format-standard","has-post-thumbnail","hentry","category-tuxpan"],"jetpack_publicize_connections":[],"jetpack_featured_media_url":"https:\/\/i0.wp.com\/politicosaldesnudo.com.mx\/wp-content\/uploads\/2024\/12\/4b-1.jpg?fit=2000%2C1500&ssl=1","jetpack-related-posts":[],"jetpack_sharing_enabled":true,"_links":{"self":[{"href":"https:\/\/politicosaldesnudo.com.mx\/index.php\/wp-json\/wp\/v2\/posts\/52560","targetHints":{"allow":["GET"]}}],"collection":[{"href":"https:\/\/politicosaldesnudo.com.mx\/index.php\/wp-json\/wp\/v2\/posts"}],"about":[{"href":"https:\/\/politicosaldesnudo.com.mx\/index.php\/wp-json\/wp\/v2\/types\/post"}],"author":[{"embeddable":true,"href":"https:\/\/politicosaldesnudo.com.mx\/index.php\/wp-json\/wp\/v2\/users\/4"}],"replies":[{"embeddable":true,"href":"https:\/\/politicosaldesnudo.com.mx\/index.php\/wp-json\/wp\/v2\/comments?post=52560"}],"version-history":[{"count":0,"href":"https:\/\/politicosaldesnudo.com.mx\/index.php\/wp-json\/wp\/v2\/posts\/52560\/revisions"}],"wp:featuredmedia":[{"embeddable":true,"href":"https:\/\/politicosaldesnudo.com.mx\/index.php\/wp-json\/wp\/v2\/media\/52561"}],"wp:attachment":[{"href":"https:\/\/politicosaldesnudo.com.mx\/index.php\/wp-json\/wp\/v2\/media?parent=52560"}],"wp:term":[{"taxonomy":"category","embeddable":true,"href":"https:\/\/politicosaldesnudo.com.mx\/index.php\/wp-json\/wp\/v2\/categories?post=52560"},{"taxonomy":"post_tag","embeddable":true,"href":"https:\/\/politicosaldesnudo.com.mx\/index.php\/wp-json\/wp\/v2\/tags?post=52560"}],"curies":[{"name":"wp","href":"https:\/\/api.w.org\/{rel}","templated":true}]}}