{"id":52575,"date":"2024-12-17T00:40:25","date_gmt":"2024-12-17T06:40:25","guid":{"rendered":"https:\/\/politicosaldesnudo.com.mx\/?p=52575"},"modified":"2024-12-17T00:40:25","modified_gmt":"2024-12-17T06:40:25","slug":"tras-extradicion-osiel-cardenas-llega-a-almoloya","status":"publish","type":"post","link":"https:\/\/politicosaldesnudo.com.mx\/index.php\/2024\/12\/17\/tras-extradicion-osiel-cardenas-llega-a-almoloya\/","title":{"rendered":"Tras extradici\u00f3n, Osiel C\u00e1rdenas llega a Almoloya"},"content":{"rendered":"<p>Tras ser extraditado este lunes de Estados Unidos a M\u00e9xico, Osiel C\u00e1rdenas Guill\u00e9n, exl\u00edder del C\u00e1rtel de\u00a0<em>los Zetas<\/em>, enfrentar\u00e1 ante la justicia mexicana acusaciones por los delitos\u00a0 de delincuencia organizada, contra la salud y operaciones con recursos de procedencia il\u00edcita.<\/p>\n<p>De acuerdo con fuentes de seguridad, C\u00e1rdenas, de 57 a\u00f1os, fue internado en el Centro Federal de Readaptaci\u00f3n Social no. 1 Almoloya \u201cEl Altiplano\u201d, en el Estado de M\u00e9xico.<\/p>\n<p>Fue entregado por las autoridades estadounidenses en la frontera entre M\u00e9xico y Estados Unidos, en Tijuana, Baja California.<\/p>\n<p>En 2010, el Tribunal de Distrito de los Estados Unidos para el Distrito Sur de Texas en Houston conden\u00f3 a 25 a\u00f1os de prisi\u00f3n a C\u00e1rdenas por conspiraci\u00f3n para distribuir m\u00e1s de cinco kilogramos de coca\u00edna y m\u00e1s de 1 mil kilogramos de marihuana,\u00a0 as\u00ed como otros delitos como lavado de dinero y amenaza de agresi\u00f3n y asesinato a un agente federal.<\/p>\n<p>El director de la Oficina de Campo de Operaciones y Control de Inmigraci\u00f3n (ERO) de\u00a0Chicago, Samuel Olson, expres\u00f3 que \u201cla exitosa remoci\u00f3n de Osiel C\u00e1rdenas, un conocido\u00a0fugitivo internacional, subraya nuestro compromiso inquebrantable con la seguridad p\u00fablica\u00a0y la justicia\u201d.<\/p>\n<p>A\u00f1adi\u00f3 que \u201cesta operaci\u00f3n, ejecutada con precisi\u00f3n y coordinaci\u00f3n por ERO Chicago, junto con nuestros dedicados socios en San Diego, Harlingen, Ciudad de M\u00e9xico y la Divisi\u00f3n de Operaciones Internacionales, demuestra el poder de la colaboraci\u00f3n en la aplicaci\u00f3n de la ley. Al devolver a este peligroso individuo a M\u00e9xico, donde enfrenta graves cargos, hemos dado un paso importante para salvaguardar a nuestras comunidades y defender el estado de derecho\u201d, afirm\u00f3 el portal.<\/p>\n","protected":false},"excerpt":{"rendered":"<p>Tras ser extraditado este lunes de Estados Unidos a M\u00e9xico, Osiel C\u00e1rdenas Guill\u00e9n, exl\u00edder del C\u00e1rtel de\u00a0los Zetas, enfrentar\u00e1 ante<\/p>\n","protected":false},"author":4,"featured_media":52576,"comment_status":"closed","ping_status":"closed","sticky":false,"template":"","format":"standard","meta":{"colormag_page_container_layout":"default_layout","colormag_page_sidebar_layout":"default_layout","_jetpack_memberships_contains_paid_content":false,"footnotes":"","jetpack_publicize_message":"","jetpack_publicize_feature_enabled":true,"jetpack_social_post_already_shared":false,"jetpack_social_options":{"image_generator_settings":{"template":"highway","default_image_id":0,"font":"","enabled":false},"version":2}},"categories":[33],"tags":[],"class_list":["post-52575","post","type-post","status-publish","format-standard","has-post-thumbnail","hentry","category-nacional"],"jetpack_publicize_connections":[],"jetpack_featured_media_url":"https:\/\/i0.wp.com\/politicosaldesnudo.com.mx\/wp-content\/uploads\/2024\/12\/OC.jpg?fit=787%2C518&ssl=1","jetpack-related-posts":[],"jetpack_sharing_enabled":true,"_links":{"self":[{"href":"https:\/\/politicosaldesnudo.com.mx\/index.php\/wp-json\/wp\/v2\/posts\/52575","targetHints":{"allow":["GET"]}}],"collection":[{"href":"https:\/\/politicosaldesnudo.com.mx\/index.php\/wp-json\/wp\/v2\/posts"}],"about":[{"href":"https:\/\/politicosaldesnudo.com.mx\/index.php\/wp-json\/wp\/v2\/types\/post"}],"author":[{"embeddable":true,"href":"https:\/\/politicosaldesnudo.com.mx\/index.php\/wp-json\/wp\/v2\/users\/4"}],"replies":[{"embeddable":true,"href":"https:\/\/politicosaldesnudo.com.mx\/index.php\/wp-json\/wp\/v2\/comments?post=52575"}],"version-history":[{"count":0,"href":"https:\/\/politicosaldesnudo.com.mx\/index.php\/wp-json\/wp\/v2\/posts\/52575\/revisions"}],"wp:featuredmedia":[{"embeddable":true,"href":"https:\/\/politicosaldesnudo.com.mx\/index.php\/wp-json\/wp\/v2\/media\/52576"}],"wp:attachment":[{"href":"https:\/\/politicosaldesnudo.com.mx\/index.php\/wp-json\/wp\/v2\/media?parent=52575"}],"wp:term":[{"taxonomy":"category","embeddable":true,"href":"https:\/\/politicosaldesnudo.com.mx\/index.php\/wp-json\/wp\/v2\/categories?post=52575"},{"taxonomy":"post_tag","embeddable":true,"href":"https:\/\/politicosaldesnudo.com.mx\/index.php\/wp-json\/wp\/v2\/tags?post=52575"}],"curies":[{"name":"wp","href":"https:\/\/api.w.org\/{rel}","templated":true}]}}